{"id":4126,"date":"2019-03-29T09:47:11","date_gmt":"2019-03-29T14:47:11","guid":{"rendered":"https:\/\/www.sintradeua.org\/home\/?p=4126"},"modified":"2019-03-29T09:47:11","modified_gmt":"2019-03-29T14:47:11","slug":"en-la-universidad-del-atlantico-necesitamos-gente-que-sume-y-multiplique-y-no-gente-que-reste-y-divida","status":"publish","type":"post","link":"https:\/\/sintradeua.org\/co\/en-la-universidad-del-atlantico-necesitamos-gente-que-sume-y-multiplique-y-no-gente-que-reste-y-divida\/","title":{"rendered":"EN LA UNIVERSIDAD DEL ATL\u00c1NTICO NECESITAMOS GENTE QUE SUME Y MULTIPLIQUE Y NO GENTE QUE RESTE Y DIVIDA"},"content":{"rendered":"<p style=\"text-align: justify;\"><strong>Este es un espacio de opini\u00f3n y debate. Los contenidos reflejan \u00fanicamente la opini\u00f3n personal de sus autores y no compromete el de SINTRADEUA ni a sus patrocinadores.<\/strong><\/p>\n<p style=\"text-align: justify;\"><img data-recalc-dims=\"1\" loading=\"lazy\" decoding=\"async\" data-attachment-id=\"4057\" data-permalink=\"https:\/\/sintradeua.org\/co\/la-universidad-del-atlantico-requiere-de-un-presente-y-un-futuro-en-tiempos-de-esperanzas\/jairo_eduardo-soto_molina\/\" data-orig-file=\"https:\/\/i0.wp.com\/sintradeua.org\/co\/wp-content\/uploads\/2019\/03\/jairo_eduardo.soto_molina.jpg?fit=200%2C200&amp;ssl=1\" data-orig-size=\"200,200\" data-comments-opened=\"1\" data-image-meta=\"{&quot;aperture&quot;:&quot;0&quot;,&quot;credit&quot;:&quot;&quot;,&quot;camera&quot;:&quot;&quot;,&quot;caption&quot;:&quot;&quot;,&quot;created_timestamp&quot;:&quot;0&quot;,&quot;copyright&quot;:&quot;&quot;,&quot;focal_length&quot;:&quot;0&quot;,&quot;iso&quot;:&quot;0&quot;,&quot;shutter_speed&quot;:&quot;0&quot;,&quot;title&quot;:&quot;&quot;,&quot;orientation&quot;:&quot;0&quot;}\" data-image-title=\"jairo_eduardo.soto_molina\" data-image-description=\"\" data-image-caption=\"\" data-large-file=\"https:\/\/i0.wp.com\/sintradeua.org\/co\/wp-content\/uploads\/2019\/03\/jairo_eduardo.soto_molina.jpg?fit=200%2C200&amp;ssl=1\" class=\"alignnone size-full wp-image-4057\" src=\"https:\/\/i0.wp.com\/www.sintradeua.org\/co\/wp-content\/uploads\/2019\/03\/jairo_eduardo.soto_molina.jpg?resize=200%2C200&#038;ssl=1\" alt=\"\" width=\"200\" height=\"200\" srcset=\"https:\/\/i0.wp.com\/sintradeua.org\/co\/wp-content\/uploads\/2019\/03\/jairo_eduardo.soto_molina.jpg?w=200&amp;ssl=1 200w, https:\/\/i0.wp.com\/sintradeua.org\/co\/wp-content\/uploads\/2019\/03\/jairo_eduardo.soto_molina.jpg?resize=150%2C150&amp;ssl=1 150w, https:\/\/i0.wp.com\/sintradeua.org\/co\/wp-content\/uploads\/2019\/03\/jairo_eduardo.soto_molina.jpg?resize=65%2C65&amp;ssl=1 65w\" sizes=\"auto, (max-width: 200px) 100vw, 200px\" \/><\/p>\n<p><strong>COLUMNA DE OPINI\u00d2N<\/strong><\/p>\n<div dir=\"auto\" style=\"text-align: justify;\">Por: Jairo Eduardo Soto Molina<br \/>\nProfesor titular 1279 (80)<br \/>\nDoctor en ciencias Humanas<br \/>\nMenci\u00f3n Ense\u00f1anza Intercultural del ingl\u00e9s<\/div>\n<div dir=\"auto\">\u00a0<\/div>\n<div dir=\"auto\">\u00a0<\/div>\n<div dir=\"auto\" style=\"text-align: justify;\">Existen dos tipos de personas los que suman y multiplican y los que restan y dividen. Debemos propender por que los del primer grupo sean mayor\u00eda que los del segundo. Rodearnos de aquellos que desaf\u00edan con sus palabras de aquellos que multiplican sus esfuerzos cuando no tienes ninguno, de aquellos que suman en tu vida que traen prop\u00f3sitos, que traen buenos mensajes, que traen inspiraci\u00f3n, fuerza con sus palabras de aquellos que luchan por transformar su universidad, su facultad o programa.<\/div>\n<div dir=\"auto\" style=\"text-align: justify;\">No debemos rodearnos de aquellos que restan y dividen. De aquellos que te restan fuerzas porque siempre tienen un comentario negativo, cr\u00edtica, queja murmuraci\u00f3n, los que dividen y generan brechas de compromiso que dividen empresas equipos de trabajo porque nunca ven lo bueno porque siempre se est\u00e1n quejando de lo mal que est\u00e1 la universidad, el pa\u00eds su comunidad. Todo nos es l\u00edcito pero no todo nos edifica, debemos aprender a ser selectivos con lo que pensamos con lo que hablamos y con lo que hacemos y tambi\u00e9n con las personas con las cuales nos rodeamos. T\u00fa\u00a0 puedes hacer lo que t\u00fa quieras con tu vida pero lo que t\u00fa decidas, pensar, hablar, hacer y relacionarte, va a depender mucho lo que seas en esta vida. Esa es la inquietud que quise dejar al hacer un listado de docentes que merecen ser tenidos en cuenta en esta universidad en un ambiente de reconocimiento, menos toxico, m\u00e1s gratificante y edificante.<\/div>\n<div dir=\"auto\" style=\"text-align: justify;\">En d\u00edas pasados me lleg\u00f3 un pasqu\u00edn con el seud\u00f3nimo del fantasma ojal\u00e1 no sea del fantasma Gaspar\u00edn que tiene una apariencia homosexualesca. Adem\u00e1s ni de los otros tipos de fantasmas creo. En este pasqu\u00edn hac\u00edan una lista de personas de las cuales solo merecen ser reconocidas como tales a los profesores Crist\u00f3bal Arteta Ripoll y Jos\u00e9 Gabriel Coley quienes solo son rectorables. Enti\u00e9ndase que la lista que di no la di para esa alt\u00edsima dignidad sino para ser tenidos en cuenta de vicerrector\u00edas hacia abajo y algunos de ellos si rectorables como el par aqu\u00ed referenciados y si dej\u00e9 por fuera a otros docentes de alt\u00edsimo valor como Ramiro Venegas. Yo no puedo indicar a personas que han cometido actos de corrupci\u00f3n y\/o que solo tienen pregrado y son docentes universitarios, as\u00ed de simple o aquellos que viven \u201cLa Gloria de Lucho\u201d: son miembros del Cades del Doctorado de educaci\u00f3n, del comit\u00e9 cient\u00edfico de la maestr\u00eda de educaci\u00f3n, representante de los docentes al Consejo de Facultad de Ciencias de la Educaci\u00f3n, por consiguiente miembro del Consejo de esa Facultad y aspirar a dirigir el Doctorado. Es decir se pas\u00f3 al famoso tres en uno, es un cuatro en uno.<\/div>\n<div dir=\"auto\" style=\"text-align: justify;\">Qu\u00e9 triste es no tener el valor de firmarse bajo un remoquete alias o seud\u00f3nimo<\/div>\n<div dir=\"auto\" style=\"text-align: justify;\">Pero en el d\u00eda de ayer me lleg\u00f3 del wasap del Presidente de Sintradeua un escrito del Licenciado Gaspar Hern\u00e1ndez, que para efectos de dirigirse a este servidor le agradezco anteponer la palabra Doctor la cual el no podr\u00e1 hacer debido a que el mejor constitucionalista de la Regi\u00f3n Caribe \u00c1lvaro Lastra conceptu\u00f3 que su tesis para aptar al t\u00edtulo de Doctor en Educaci\u00f3n no ten\u00eda ning\u00fan fundamento jur\u00eddico ni epist\u00e9mico para considerar el amor como un derecho. Adem\u00e1s el segundo evaluador dio un concepto igual al anterior y para colmo un tercero. Es decir Gaspar fuiste al Doctorado de Educaci\u00f3n a especular. Yo S\u00cd le puedo decir a usted \u201clicenciado\u201d as\u00ed pues \u00a1jal\u00e9mosle al respetico!<\/p>\n<\/div>\n<div dir=\"auto\" style=\"text-align: justify;\">Transcribo el \u00faltimo p\u00e1rrafo donde el \u201cDoctor Amor\u201d hace alusi\u00f3n a este servidor:<\/p>\n<\/div>\n<div dir=\"auto\" style=\"text-align: justify;\">\u201cInvitaci\u00f3n final. Me atrev\u00ed a escribir de memoria, porque en d\u00edas pasados conoc\u00ed un listado de docentes \u201crectorables\u201d, elaborado por un licenciado al que apodan, internamente, \u201cel malo\u201d para distinguirlo de su hom\u00f3nimo \u201cEl Diablo\u201d, para invitarlos a que repasen la historia y no pinten \u201ccaballitos\u201d en sus sue\u00f1os. La historia es inexorable. Ella\u00a0 sola castiga y premia, mis queridos profesores. Los subrayados son m\u00edos<\/p>\n<\/div>\n<div dir=\"auto\" style=\"text-align: justify;\">Ahora como te llamo \u00a1Funes el memorioso! Ya o de licenciado te lo respond\u00ed y creo que te debi\u00f3 quedar claro \u00a1DOCTOR! Dignidad que t\u00fa no has alcanzado y creo que honestamente no la alcanzaras porque tendr\u00e1s que cambiar tu tema de tesis o paquito con el cual trataste de taimar a los jurados expertos en el tema.<\/p>\n<\/div>\n<div dir=\"auto\" style=\"text-align: justify;\">\u201cEl malo\u201d si as\u00ed me han querido se\u00f1alar la gente que resta y divide en la Universidad porque le he se\u00f1alado todas sus fechor\u00edas que han realizado en la Alma Mater y por defender mis derechos desde que yo era un contratado. Desafortunadamente o no s\u00e9 si afortunadamente el macartismo me ha rodeado de una manera injusta. Esa ha sido la perversidad existente en la Universidad del Atl\u00e1ntico de la cual t\u00fa haces parte fantasma\u00a0 o perd\u00f3n Gaspar te estaba confundiendo con el autor del pasqu\u00edn: \u00bfser\u00e1s t\u00fa? O \u00bfno ser\u00e1s? O \u00a1tal Vez! Me nombraron Tiempo parcial por una tutela que present\u00e9 y mi titularidad la tuve que luchar en otra tutela me gane dos concursos de tiempo completos\u00a0 y no los acept\u00e9 porque me quer\u00edan rebajar mi sueldo. Me hecho abogado emp\u00edrico defendiendo mis derechos y siendo el \u00fanico garante de ellos. Soy malo y bien malo porque no me he dejado joder.<\/p>\n<\/div>\n<div dir=\"auto\" style=\"text-align: justify;\">De ti se dice en los pasillos que presuntamente no has querido salir del closet, a lo mejor, quiz\u00e1s tal vez que se yo porque con una imagen de Gran Var\u00f3n estas en una zona de confort. As\u00ed presumiblemente navegas en tu canoa averiada en dos aguas. Te pregunto: \u00bfCu\u00e1l es tu producci\u00f3n intelectual diferente a la de escribir una p\u00e1gina en un diario amarillista llamado AL D\u00eda y lo que te ha publicado la p\u00e1gina de Sintradeua? Tomate el trabajo de buscarme en Google. Porque no escribes en Revistas Indexadas como yo si eres verraco y en varios idiomas por dem\u00e1s.<\/p>\n<\/div>\n<div dir=\"auto\" style=\"text-align: justify;\">En un escrito anterior titulado: \u201c\u00bfSE PUEDE SER RECTORA ENCARGADA Y AL MISMO TIEMPO EJERCER EN TITULARIDAD AL CARGO DE VICERRECTORA\u00a0 ADMINISTRATIVA Y FINANCIERA DE LA UNIVERSIDAD DEL ATL\u00c1NTICO?\u201d All\u00ed hablas del problema de incompatibilidad de la rectora de ocupar los dos cargos y luego citas art\u00edculos de la ley 732\/2002, la cual fue ya derogada. Es decir hasta mal abogado eres Gasparcito o Gaspar\u00edn \u00bfc\u00f3mo prefieres que te trate con cari\u00f1o? La precitada Ley la reemplaz\u00f3 la Ley 1952 de 2019 (enero 28) le ilustro y no le cobro consulta por no ser abogado. Pero no es todo frente a esa profesi\u00f3n que has desempe\u00f1ado crey\u00e9ndote el mejor sin serlo. Frente al interrogante planteado en este articulito de opini\u00f3n te respondo categ\u00f3ricamente \u00a1SI PUEDE OCUPAR AMBOS CARGOS! Existe suficiente jurisprudencia al respecto te cito: \u201cPor su parte a la situaci\u00f3n administrativa del encargo la caracteriza la transitoriedad y la brevedad en el servicio. Obedece a esta particular condici\u00f3n, que es diferente a cuando el cargo se ejerce en condici\u00f3n de titular (\u2026) (p\u00e1gina 8). Esta es la Sentencia\u00a0 00165 de 2018 Consejo de Estado. La m\u00e1s contempor\u00e1nea que encontr\u00e9. Qu\u00e9 mal abogado eres Gasparcito o Gaspar\u00edn como prefieras. Recuerda cuando en 2010 Ana Sof\u00eda me abri\u00f3 un disciplinario auspiciado por el Vicerrector acad\u00e9mico que desdibuj\u00e9 en un pasado escrito y te dimos poder 6 docentes de idiomas, Rosalba Arrieta, Vera Casta\u00f1eda, Beatriz De le\u00f3n, Damaris D\u00edaz, Diana D\u00edaz y el sexto era yo! Bueno pues el \u00fanico que no botaron fue a m\u00ed porque rescind\u00ed del poder que te hab\u00eda otorgado. Pero lo peor les dijiste a estas compa\u00f1eras que frente a esa decisi\u00f3n no cursaba ning\u00fan recurso y quedaba el de apelaci\u00f3n frente al tribunal administrativo. A m\u00ed me sancionaron con un mes de salario que el Vicerrector administrativo me descont\u00f3 de un solo tajo mientras que a otros con igual medida les descontaron en 12 cuotas. Pero el Abogado ya finado Fernando Prada me indic\u00f3 en su momento que no me preocupara que ese iba a ser mi ahorro al jubilarme porque se me deb\u00eda devolver. Deber\u00edas jubilarte de litigar peque\u00f1o fantasma. Pero como el cura no se acuerda cuando era Sacrist\u00e1n o monaguillo, ya no recuerdas cuando ostentabas al tiempo los cargos de Secretario General y Jefe de Jur\u00eddica en la \u00e9poca de Ana Sof\u00eda, cuando era com\u00fan ser vicerrector acad\u00e9mico y Decano de Econom\u00eda a la vez. Quiz\u00e1s ya est\u00e1s dibujando \u201ccaballitos para solicitarle a tu gobernador representante del partido del trapo colorado bastante deste\u00f1ido los cargos bien sea el de Vicerrector administrativo que deje la Rectora Mariluz Stevenson y quedarte con el s\u00ed regresase Prasca o ya empezaste a descalificar a la Dra. Lina Garc\u00eda, Jefe Oficina de Asesor\u00eda Jur\u00eddica. T\u00fa que si eres experto en dibujar caballitos de los sue\u00f1os del Fantasma Gaspar\u00edn.<\/p>\n<\/div>\n<div dir=\"auto\" style=\"text-align: justify;\">Pero tu condici\u00f3n humana no es mejor recuerda la relaci\u00f3n fraterna que Rafaela tuvo contigo en un inicio y posteriormente empezaste con tus juegos\u00a0 de intereses y el discurso de la indisposici\u00f3n y alianzas con sus detractores que no cabe mencionar pero que todos saben cu\u00e1les son; todos los d\u00edas te ibas a los medios\u00a0 con un discurso de indisposici\u00f3n, se\u00f1alamientos\u00a0 y enfrentamiento del juego de poder que quer\u00edas imponer a trav\u00e9s del chantaje paralelo a la rector\u00eda que puso la disyuntiva La doctora Rafaela Vos o t\u00fa y obviamente ella se prefiri\u00f3 a antes que a ti. As\u00ed, pues se liber\u00f3 de la carga t\u00f3xica que t\u00fa representabas, mi estimado fantasma. No fuiste leal y traicionaste la confianza que te tuvo con inmenso cari\u00f1o Rafaela Vos; no lo valoraste fuiste lo que \u201cel poder se llev\u00f3\u201d como para un film o telenovela donde tu segundo plan atacar a Fanny Bayona no te fue mejor ella te jubil\u00f3.<\/p>\n<\/div>\n<div dir=\"auto\" style=\"text-align: justify;\">Recuerda cuando llegaste con esa legi\u00f3n de Decanos mediocres fuiste el que menos duraste, hasta Janeth Tovar te gan\u00f3 dur\u00f3 14 a\u00f1os y t\u00fa \u00bfcu\u00e1nto duraste? Recuerda cuando Ana Sof\u00eda te ten\u00eda ro\u00f1a porque consideraba a toda esa legi\u00f3n de decanos unos politiqueros menos uno y quiz\u00e1s el que m\u00e1s o no s\u00e9 si t\u00fa te lo ganas me pediste a m\u00ed y a Jorge Zamudio suavizar las relaciones con Ana Sof\u00eda y llevarte donde ella. As\u00ed no se pagan los favores \u00a1no no no!<\/p>\n<\/div>\n<div dir=\"auto\" style=\"text-align: justify;\">Ahora te pregunto: La inexorable historia. Ella\u00a0 sola \u00bfte castig\u00f3 o premi\u00f3, mi querido Gaspar\u00edn?<\/div>\n","protected":false},"excerpt":{"rendered":"<p>Este es un espacio de opini\u00f3n y debate. Los contenidos reflejan \u00fanicamente la opini\u00f3n personal de sus autores y no compromete el de SINTRADEUA ni a sus patrocinadores. COLUMNA DE OPINI\u00d2N Por: Jairo Eduardo Soto Molina Profesor titular 1279 (80) Doctor en ciencias Humanas Menci\u00f3n Ense\u00f1anza Intercultural del ingl\u00e9s \u00a0 \u00a0 Existen dos tipos de&#8230;<\/p>\n","protected":false},"author":2,"featured_media":4057,"comment_status":"open","ping_status":"open","sticky":false,"template":"","format":"standard","meta":{"advanced_seo_description":"","jetpack_seo_html_title":"","jetpack_seo_noindex":false,"jetpack_post_was_ever_published":false,"_jetpack_newsletter_access":"","_jetpack_dont_email_post_to_subs":false,"_jetpack_newsletter_tier_id":0,"_jetpack_memberships_contains_paywalled_content":false,"_jetpack_memberships_contains_paid_content":false,"footnotes":"","jetpack_publicize_message":"","jetpack_publicize_feature_enabled":true,"jetpack_social_post_already_shared":true,"jetpack_social_options":{"image_generator_settings":{"template":"highway","default_image_id":0,"font":"","enabled":false},"version":2}},"categories":[20],"tags":[],"class_list":["post-4126","post","type-post","status-publish","format-standard","has-post-thumbnail","hentry","category-general"],"jetpack_publicize_connections":[],"jetpack_featured_media_url":"https:\/\/i0.wp.com\/sintradeua.org\/co\/wp-content\/uploads\/2019\/03\/jairo_eduardo.soto_molina.jpg?fit=200%2C200&ssl=1","jetpack_sharing_enabled":true,"jetpack_shortlink":"https:\/\/wp.me\/paSj5R-14y","_links":{"self":[{"href":"https:\/\/sintradeua.org\/co\/wp-json\/wp\/v2\/posts\/4126","targetHints":{"allow":["GET"]}}],"collection":[{"href":"https:\/\/sintradeua.org\/co\/wp-json\/wp\/v2\/posts"}],"about":[{"href":"https:\/\/sintradeua.org\/co\/wp-json\/wp\/v2\/types\/post"}],"author":[{"embeddable":true,"href":"https:\/\/sintradeua.org\/co\/wp-json\/wp\/v2\/users\/2"}],"replies":[{"embeddable":true,"href":"https:\/\/sintradeua.org\/co\/wp-json\/wp\/v2\/comments?post=4126"}],"version-history":[{"count":4,"href":"https:\/\/sintradeua.org\/co\/wp-json\/wp\/v2\/posts\/4126\/revisions"}],"predecessor-version":[{"id":4131,"href":"https:\/\/sintradeua.org\/co\/wp-json\/wp\/v2\/posts\/4126\/revisions\/4131"}],"wp:featuredmedia":[{"embeddable":true,"href":"https:\/\/sintradeua.org\/co\/wp-json\/wp\/v2\/media\/4057"}],"wp:attachment":[{"href":"https:\/\/sintradeua.org\/co\/wp-json\/wp\/v2\/media?parent=4126"}],"wp:term":[{"taxonomy":"category","embeddable":true,"href":"https:\/\/sintradeua.org\/co\/wp-json\/wp\/v2\/categories?post=4126"},{"taxonomy":"post_tag","embeddable":true,"href":"https:\/\/sintradeua.org\/co\/wp-json\/wp\/v2\/tags?post=4126"}],"curies":[{"name":"wp","href":"https:\/\/api.w.org\/{rel}","templated":true}]}}