{"id":4119,"date":"2019-03-28T05:57:45","date_gmt":"2019-03-28T10:57:45","guid":{"rendered":"https:\/\/www.sintradeua.org\/home\/?p=4119"},"modified":"2019-03-28T05:57:45","modified_gmt":"2019-03-28T10:57:45","slug":"rectoria-de-uniatlantico-dignidad-empleo-o-crematorio","status":"publish","type":"post","link":"https:\/\/sintradeua.org\/co\/rectoria-de-uniatlantico-dignidad-empleo-o-crematorio\/","title":{"rendered":"RECTORIA DE UNIATL\u00c1NTICO:  DIGNIDAD, EMPLEO O CREM\u00c1TORIO?"},"content":{"rendered":"<p style=\"text-align: justify;\"><img data-recalc-dims=\"1\" loading=\"lazy\" decoding=\"async\" data-attachment-id=\"4121\" data-permalink=\"https:\/\/sintradeua.org\/co\/rectoria-de-uniatlantico-dignidad-empleo-o-crematorio\/universidad-del-atlantico-12\/\" data-orig-file=\"https:\/\/i0.wp.com\/sintradeua.org\/co\/wp-content\/uploads\/2019\/03\/Universidad-del-Atl%C3%A1ntico-12.jpg?fit=900%2C506&amp;ssl=1\" data-orig-size=\"900,506\" data-comments-opened=\"1\" data-image-meta=\"{&quot;aperture&quot;:&quot;0&quot;,&quot;credit&quot;:&quot;&quot;,&quot;camera&quot;:&quot;&quot;,&quot;caption&quot;:&quot;&quot;,&quot;created_timestamp&quot;:&quot;1540127351&quot;,&quot;copyright&quot;:&quot;&quot;,&quot;focal_length&quot;:&quot;0&quot;,&quot;iso&quot;:&quot;0&quot;,&quot;shutter_speed&quot;:&quot;0&quot;,&quot;title&quot;:&quot;&quot;,&quot;orientation&quot;:&quot;1&quot;}\" data-image-title=\"Universidad-del-Atl\u00e1ntico-12\" data-image-description=\"\" data-image-caption=\"\" data-large-file=\"https:\/\/i0.wp.com\/sintradeua.org\/co\/wp-content\/uploads\/2019\/03\/Universidad-del-Atl%C3%A1ntico-12.jpg?fit=640%2C360&amp;ssl=1\" class=\"alignnone size-medium wp-image-4121\" src=\"https:\/\/i0.wp.com\/www.sintradeua.org\/co\/wp-content\/uploads\/2019\/03\/Universidad-del-Atl%C3%A1ntico-12-300x169.jpg?resize=300%2C169&#038;ssl=1\" alt=\"\" width=\"300\" height=\"169\" srcset=\"https:\/\/i0.wp.com\/sintradeua.org\/co\/wp-content\/uploads\/2019\/03\/Universidad-del-Atl%C3%A1ntico-12.jpg?resize=300%2C169&amp;ssl=1 300w, https:\/\/i0.wp.com\/sintradeua.org\/co\/wp-content\/uploads\/2019\/03\/Universidad-del-Atl%C3%A1ntico-12.jpg?resize=800%2C450&amp;ssl=1 800w, https:\/\/i0.wp.com\/sintradeua.org\/co\/wp-content\/uploads\/2019\/03\/Universidad-del-Atl%C3%A1ntico-12.jpg?w=900&amp;ssl=1 900w\" sizes=\"auto, (max-width: 300px) 100vw, 300px\" \/><\/p>\n<p style=\"text-align: justify;\"><strong>COLUMNA DE OPINI\u00d3N<\/strong><\/p>\n<p style=\"text-align: justify;\">Por. Gaspar Hern\u00e1ndez Caama\u00f1o.<\/p>\n<p style=\"text-align: justify;\">No escribo la historia. Ella, como ciencia, exige verificaciones. Y mi vida de abuelo no transcurre en bibliotecas, archivos y documentaciones. Escribo desde la memoria. La memoria de unos recuerdos, a\u00fan juveniles, de estudiante en la sede \u00ab20 de Julio\u00bb, egresado ejerciendo el periodismo, litigando y directivo en las instalaciones de \u00abLa Ciudadela\u00bb. Tiempos y espacios distintos, pero una sola memoria, la de la misma historia.<\/p>\n<p style=\"text-align: justify;\"><strong>UNA UNIVERSIDAD DE RECTORES.<\/strong><\/p>\n<p style=\"text-align: justify;\">Desde 1941 hasta el reciente 11 de Marzo del 2019, en la Rector\u00eda de la Universidad del Atl\u00e1ntico se han posesionado, oficialmente, 64 rectores. Unos en calidad de titulares y otros en condici\u00f3n de encargados.\u00a0<\/p>\n<p style=\"text-align: justify;\">Ese alto n\u00famero de rectores contrasta, en la historia educativa del Atl\u00e1ntico y Barranquilla, con los 40 a\u00f1os, ininterrumpidos, del intelectual Jes\u00fas Ferro Bayona en la rector\u00eda de la Universidad del Norte. Y, debo decirlo, del car\u00e1cter de herencia del cargo en algunas de las Universidades que funcionan en el Distrito y su conurbaci\u00f3n con el Municipio de Puerto Colombia.<\/p>\n<p style=\"text-align: justify;\">Si la Universidad, \u00fanica p\u00fablica, con menos de 80 a\u00f1os de fundada, ha tenido 64 rectores, lo que podr\u00eda traducirse, proporcionalmente, en un rector por a\u00f1o, es de indudable conclusi\u00f3n que es una Instituci\u00f3n de rectores y de pocas proyecciones o influencias en la vida de la Regi\u00f3n Atl\u00e1ntica, por su inestabilidad tanto administrativa como acad\u00e9mica. Es decir, lo que interesa es la rector\u00eda, no la transcendencia de su Misi\u00f3n y su Visi\u00f3n.<\/p>\n<p style=\"text-align: justify;\"><strong>CURIOSIDADES EN LA RECTORIA.<\/strong><\/p>\n<p style=\"text-align: justify;\">De las 64 personas, cuyos nombres aparecen registrados en el listado de rectores de nuestra Universidad, 40 actuaron como titulares y el resto como encargados. Y en dicho listado aparecen ilustres personajes de nuestra vida pol\u00edtica, educativa y cultural. Al igual que ilustres desconocidos que, por distintas circunstancias, que la historia debe rese\u00f1ar, debieron ocupar dicha rector\u00eda, llena de curiosidades. Veamos, a vuelo de p\u00e1jaro manso, algunas de ellas.<\/p>\n<p style=\"text-align: justify;\">De los 64 rectores, solo 4 mujeres aparecen en ese listado. Son ellas: Paola Amar, Ana Sof\u00eda Mesa, Rafaela Vos y Yolanda Mart\u00ednez. Esta \u00faltima fue rectora s\u00f3lo por unas horas, mientras que la Ingeniera Mesa permaneci\u00f3 8 a\u00f1os en ese cargo, inicialmente como encargada y luego titular. Ese periodo de 8 a\u00f1os es el m\u00e1s largo de rector alguno, en los casi 80 a\u00f1os de vida institucional de la Universidad.<\/p>\n<p style=\"text-align: justify;\">Durante el a\u00f1o de 1958, la Universidad tuvo 8 rector\u00edas. Las de: Hernando Manotas, Nicol\u00e1s Visbal ( 2 veces), Rafael Tovar, Victor Gallardo ( 2 veces), Julio E. Blanco y Carlos Holguin. Como ven ese a\u00f1o repitieron rector\u00eda Blanco y Tovar, que fueron los grandes precursores del Alma Mater.<\/p>\n<p style=\"text-align: justify;\">En los rectores aparece el nombre del ex ministro Antonio Abell\u00f3 Roca, pero \u00e9ste ilustre ex rector nunca se sent\u00f3 en la silla rectoral porque los estudiantes no lo dejamos entrar. \u00c9l se posesion\u00f3 en la Gobernaci\u00f3n, pero \u00abEl Pato\u00bb, como lo llaman sus amigos, de la esquina de \u00abLa Barquita\u00bb no pas\u00f3. De ese episodio fui testigo fidedigno porque estaba entre los que grit\u00e1bamos: \u00abFuera El Pato&#8230;fuera!\u00bb.<\/p>\n<p style=\"text-align: justify;\">Tambi\u00e9n la Universidad ha tenido un rector \u00abpolic\u00eda\u00bb. Este es el actual delegado de los ex rectores en el Consejo Superior, el ingeniero Guillermo Augusto Rodr\u00edguez Figueroa, quien es el primer egresado en ocupar la rector\u00eda. Y se gan\u00f3 el mote de \u00abrector-polic\u00eda\u00bb, porque instal\u00f3 una patrulla de uniformados para controlar las entradas y salidas de la Universidad. Y con ese m\u00e9todo \u00abexpuls\u00f3\u00bb a varios estudiantes que se opon\u00edan a su presencia. Lo digo con conocimiento de causa, pues a m\u00ed que quitaron el carnet y no pod\u00eda ingresar a clases, perdiendo un semestre. C\u00f3mo olvidarlo si a\u00fan su sombra ronda el claustro, como muestra perpetua de nuestra involuci\u00f3n como instituci\u00f3n.<\/p>\n<p style=\"text-align: justify;\">Un rector falleci\u00f3 en el ejercicio del cargo, el ingeniero Jorge B\u00e1ez Noguera, a quien hab\u00edan procesado cuando fue gerente de las desaparecida E.P.M., por la muerte de ni\u00f1os que consumieron agua contaminada suministrada desde los grifos.<\/p>\n<p style=\"text-align: justify;\">Otro ex rector actualmente est\u00e1 preso en La Picota, bajo la acusaci\u00f3n de paramilitarismo y cohecho, dentro de la trama del Cartel de la Toga. Otro dur\u00f3 8 d\u00edas en el cargo y nunca firm\u00f3 un acto administrativo. Un fil\u00f3sofo que fue rector, especialista en Habermann, sali\u00f3 corriendo sin intentar \u00abla acci\u00f3n comunicativa\u00bb. Uno m\u00e1s dur\u00f3 unos d\u00edas y se fue a jugar ajedrez a Bogot\u00e1.<\/p>\n<p style=\"text-align: justify;\">De los ex rectores m\u00e1s reconocidos, en mi memoria, se encuentra el economista Jos\u00e9 Consuegra Higgins, a quien los estudiantes apoyamos cuando lo sacaron. Y tal fue el apoyo que, de ese retiro, \u00e9l decidi\u00f3 fundar la hoy acreditada Universidad \u00abSim\u00f3n Bol\u00edvar\u00bb. Todav\u00eda la nuestra anda fabricando el discurso de la acreditaci\u00f3n institucional, \u201ces posible\u00bb, para gastar presupuesto y pantalla.<\/p>\n<p style=\"text-align: justify;\">Para mi memoria, entre los personajes ilustres, por su vida intelectual, de Barranquilla que han sido rectores de la Universidad del Atl\u00e1ntico est\u00e1n los siguientes: Julio E. Blanco (filosofo), Rafael Tovar, Carlos Angulo Valdez (antrop\u00f3logo), Ernesto Cortissoz, Juan B. Fern\u00e1ndez (periodista), Roberto Mc Causlan (arquitecto), Jos\u00e9 Lacorraza (notario), Carlos J. Mar\u00eda (ensayista), Jos\u00e9 Stevenson(ingeniero), Esteban P\u00e1ez Polo (magistrado), Antonio Caballero Villa (abogado), entre otros.<\/p>\n<p style=\"text-align: justify;\">Se pueden extender estas curiosidades, pero\u00a0 son ellas las que a\u00fan no olvida mi memoria universitaria. Y las cuento para ayudar a los \u00abhistoriadores\u00bb e \u00abhistoriadoras\u00bb de la cuadra, a los que la Universidad les ha otorgado, presuntamente, millonarios contratos para que redacten su historia oficial. Ser\u00e1 posible conocerla en los pr\u00f3ximos a\u00f1os?<\/p>\n<p style=\"text-align: justify;\"><strong>LA RECTORIA, DIGNIDAD, EMPLEO O CREMATORIO?<\/strong><\/p>\n<p style=\"text-align: justify;\">En la p\u00e1gina electr\u00f3nica de la Universidad, no aparece la lista completa de quienes han ocupado su rector\u00eda. Solo se registra la de algunos rectores titulares, que son los que tienen derecho a elegir delegado ante el Superior. Los nombres de los encargados no aparecen en su gran mayor\u00eda, aunque en ese listado incompleto vi el de la actual encargada. Tampoco hay datos de una microbiograf\u00eda de los ex rectores, todav\u00eda una tarea inconclusa para los historiadores.<\/p>\n<p style=\"text-align: justify;\">Pero de la lectura comparativa y memoriosa de esa historia, me interrogo sobre las caracter\u00edsticas que se pueden destacar del paso por dicha rector\u00eda. Y me pregunto si fue una dignidad, o un mero empleo o un horno crematorio. Y la verdad creo que es probable que tenga esa triple naturaleza. Y me explico.<\/p>\n<p style=\"text-align: justify;\"><strong>DIGNIDAD<\/strong>. Indudablemente ser rector de una Universidad es un honor, una dignidad. Y m\u00e1s si es de una instituci\u00f3n estatal. Y ello porque no toda \u00abla gente de pueblo\u00bb, alcanza los m\u00e9ritos acad\u00e9micos y personales que se requieren para tan importante labor social y educativa.<\/p>\n<p style=\"text-align: justify;\">Por eso no dudo en afirmar que la rector\u00eda de la Universidad del Atl\u00e1ntico es una dignidad. Y as\u00ed la sintieron y ejercieron algunos personajes, de nuestra vida ciudadana, que fueron escogidos para ocupar, como reconocimiento de su talla intelectual, tal dignidad. Si se repasa, memoriosamente, la lista de ex rectores se pueden distinguir quienes recibieron dicho honor y quienes lo respetaron y engrandecieron para bien personal, familiar y social. La historia a ellos los absolver\u00e1.<\/p>\n<p style=\"text-align: justify;\">Como tambi\u00e9n es f\u00e1cil identificar quienes no estuvieron a \u00abla altura de las circunstancias\u00bb. Y que nunca merecieron llegar a ocupar tan distinguido cargo. Solo hay que conocer la historia. Y la misma dar\u00e1 sus lecciones.<\/p>\n<p style=\"text-align: justify;\">As\u00ed que la rector\u00eda es una cara y responsable dignidad. Respeto para quienes as\u00ed lo entendieron y as\u00ed se comportaron.\u00a0<\/p>\n<p style=\"text-align: justify;\"><strong>EMPLEO.<\/strong> Pero la rector\u00eda de la Universidad es un cargo, un empleo administrativo-acad\u00e9mico del m\u00e1s alto nivel. El rector es el representante legal del Ente Universitario Aut\u00f3nomo. Por ello su escogencia es un proceso, que no puede ama\u00f1arse si verdaderamente interesa la educaci\u00f3n superior de \u00abla gente del pueblo\u00bb.<\/p>\n<p style=\"text-align: justify;\">Hoy en d\u00eda, la rector\u00eda es el empleo p\u00fablico m\u00e1s cotizado del Atl\u00e1ntico, porque el sueldo del rector es m\u00e1s alto que el del propio Gobernador\u00a0 Departamental y tiene, en sus manos y voluntad, un presupuesto millonario para gastar. Por eso muchos andan interesados, a muerte, en ser rector, ya sea para pensionarse con una mesada de parlamentario y creerse aspirante a legislador o gobernador por el beneficio electoral que le puede brindar las n\u00f3minas y los contratos.<\/p>\n<p style=\"text-align: justify;\">A unos que llegaron con esa ambici\u00f3n la historia los se\u00f1ala como frustrados del poder o viudos del mismo. Ese empleo tiene sus bemoles y no todos los que \u00absue\u00f1an\u00bb serlo, alcanzan el honor y dignidad de semejante responsabilidad social.<\/p>\n<p style=\"text-align: justify;\"><strong>CREM\u00c1TORIO.<\/strong> Tampoco puedo desconocer, en los recuerdos de mi memoria reciente, que tan importante dignidad y tan apetecido empleo, para algunos ex rectores, titulares o encargados, se convirti\u00f3 en un espeluznante horno crematorio. Ahi se le quemaron sus ilusiones, no como \u00bb se queman las velas cuando se est\u00e1n acabando\u00bb en los amores de Petrona en la rueda del cumbi\u00f3n. No. En la rector\u00eda de la Universidad los cremados se volvieron momias de ambulantes, que ni se atreven a recordar, a sus c\u00edrculos \u00edntimos, que fueron rectores, ya que la memoria colectiva los ha sepultado en el m\u00e1s deleznable anonimato, hasta el punto que ni la propia Universidad los registran en su p\u00e1gina institucional.<\/p>\n<p style=\"text-align: justify;\">Es decir, la Universidad ha tenido, en sus casi 80 a\u00f1os de historia educativa, rectores dignos, rectores que aprovecharon bien el salario devengado durante \u00abla palomita\u00bb rectoral y otros que por su gesti\u00f3n fueron protagonistas del olvido. Las ense\u00f1anzas de la historia.<\/p>\n<p style=\"text-align: justify;\">Invitaci\u00f3n final. Me atrev\u00ed a escribir de memoria, porque en d\u00edas pasados conoc\u00ed un listado de docentes \u00abrectorables\u00bb, elaborado por un licenciado al que apodan, internamente, \u00abEl Malo\u00bb para distinguirlo de su hom\u00f3nimo\u00a0 al que llaman \u00abEl Diablo\u00bb, para invitarlos a que repasen la historia y no se pinten \u00abcaballitos\u00bb en sus sue\u00f1os. La historia es inexorable. Ella sola castiga y premia, mis queridos profesores.\u00a0<\/p>\n<p style=\"text-align: justify;\">\u00a0<\/p>\n","protected":false},"excerpt":{"rendered":"<p>COLUMNA DE OPINI\u00d3N Por. Gaspar Hern\u00e1ndez Caama\u00f1o. No escribo la historia. Ella, como ciencia, exige verificaciones. Y mi vida de abuelo no transcurre en bibliotecas, archivos y documentaciones. Escribo desde la memoria. La memoria de unos recuerdos, a\u00fan juveniles, de estudiante en la sede \u00ab20 de Julio\u00bb, egresado ejerciendo el periodismo, litigando y directivo en&#8230;<\/p>\n","protected":false},"author":2,"featured_media":4000,"comment_status":"open","ping_status":"open","sticky":false,"template":"","format":"standard","meta":{"advanced_seo_description":"","jetpack_seo_html_title":"","jetpack_seo_noindex":false,"jetpack_post_was_ever_published":false,"_jetpack_newsletter_access":"","_jetpack_dont_email_post_to_subs":false,"_jetpack_newsletter_tier_id":0,"_jetpack_memberships_contains_paywalled_content":false,"_jetpack_memberships_contains_paid_content":false,"footnotes":"","jetpack_publicize_message":"","jetpack_publicize_feature_enabled":true,"jetpack_social_post_already_shared":true,"jetpack_social_options":{"image_generator_settings":{"template":"highway","default_image_id":0,"font":"","enabled":false},"version":2}},"categories":[2],"tags":[],"class_list":["post-4119","post","type-post","status-publish","format-standard","has-post-thumbnail","hentry","category-noticias"],"jetpack_publicize_connections":[],"jetpack_featured_media_url":"https:\/\/i0.wp.com\/sintradeua.org\/co\/wp-content\/uploads\/2019\/03\/image.png?fit=745%2C908&ssl=1","jetpack_sharing_enabled":true,"jetpack_shortlink":"https:\/\/wp.me\/paSj5R-14r","_links":{"self":[{"href":"https:\/\/sintradeua.org\/co\/wp-json\/wp\/v2\/posts\/4119","targetHints":{"allow":["GET"]}}],"collection":[{"href":"https:\/\/sintradeua.org\/co\/wp-json\/wp\/v2\/posts"}],"about":[{"href":"https:\/\/sintradeua.org\/co\/wp-json\/wp\/v2\/types\/post"}],"author":[{"embeddable":true,"href":"https:\/\/sintradeua.org\/co\/wp-json\/wp\/v2\/users\/2"}],"replies":[{"embeddable":true,"href":"https:\/\/sintradeua.org\/co\/wp-json\/wp\/v2\/comments?post=4119"}],"version-history":[{"count":2,"href":"https:\/\/sintradeua.org\/co\/wp-json\/wp\/v2\/posts\/4119\/revisions"}],"predecessor-version":[{"id":4123,"href":"https:\/\/sintradeua.org\/co\/wp-json\/wp\/v2\/posts\/4119\/revisions\/4123"}],"wp:featuredmedia":[{"embeddable":true,"href":"https:\/\/sintradeua.org\/co\/wp-json\/wp\/v2\/media\/4000"}],"wp:attachment":[{"href":"https:\/\/sintradeua.org\/co\/wp-json\/wp\/v2\/media?parent=4119"}],"wp:term":[{"taxonomy":"category","embeddable":true,"href":"https:\/\/sintradeua.org\/co\/wp-json\/wp\/v2\/categories?post=4119"},{"taxonomy":"post_tag","embeddable":true,"href":"https:\/\/sintradeua.org\/co\/wp-json\/wp\/v2\/tags?post=4119"}],"curies":[{"name":"wp","href":"https:\/\/api.w.org\/{rel}","templated":true}]}}