{"id":402,"date":"2015-08-23T11:09:12","date_gmt":"2015-08-23T16:09:12","guid":{"rendered":"http:\/\/www.sintradeua.org\/home\/?p=402"},"modified":"2015-08-23T11:12:50","modified_gmt":"2015-08-23T16:12:50","slug":"la-decision-de-hernandez-no-hace-referencia-a-la-escogencia-de-rectora-o-encargada-rafaela-vos-obeso-en-reemplazo-de-rafael-castilldesignada-o-pacheco","status":"publish","type":"post","link":"https:\/\/sintradeua.org\/co\/la-decision-de-hernandez-no-hace-referencia-a-la-escogencia-de-rectora-o-encargada-rafaela-vos-obeso-en-reemplazo-de-rafael-castilldesignada-o-pacheco\/","title":{"rendered":"La decisi\u00f3n de Hern\u00e1ndez no hace referencia a la escogencia de rectora  encargada Rafaela Vos Obeso en reemplazo de Rafael Castillo  Pacheco"},"content":{"rendered":"<p><img data-recalc-dims=\"1\" decoding=\"async\" src=\"https:\/\/i0.wp.com\/cdn.elheraldo.co\/sites\/default\/files\/styles\/home_destacada_395x240\/public\/2015\/08\/22\/articulo\/angel_hernandez_cano.jpg?w=640\" alt=\"\" \/><\/p>\n<h1 class=\"tituloNoticia\">Tribunal: elecci\u00f3n de rector en propiedad de Udea sigue suspendida<\/h1>\n<p>En decisi\u00f3n del pasado mi\u00e9rcoles, el Tribunal Administrativo del Atl\u00e1ntico, en una sala unitaria de decisi\u00f3n del magistrado \u00c1ngel Hern\u00e1ndez Cano, exhort\u00f3 al Consejo Superior de la Universidad del Atl\u00e1ntico a que acate formal y materialmente, si a\u00fan no lo ha hecho, la medida cautelar urgente del 7 de julio pasado a trav\u00e9s de la cual se suspendi\u00f3 la elecci\u00f3n del rector en propiedad de la alma m\u00e1ter.<\/p>\n<p>El pronunciamiento de Hern\u00e1ndez resuelve una solicitud de desacato del representante de los estudiantes ante el Consejo Superior, Jhonhatan Camargo de Moya, quien consider\u00f3 que se estaba incumpliendo lo ordenado por el Tribunal porque en una sesi\u00f3n extraordinaria citada para el 9 de julio en el orden del d\u00eda se consider\u00f3 en el tercer punto \u201cla elecci\u00f3n del rector en propiedad y decisiones en torno a las recientes acciones judiciales relacionadas con la situaci\u00f3n de la rector\u00eda de la universidad\u201d.<\/p>\n<p>Al analizar las actas y grabaciones de esa sesi\u00f3n, el magistrado afirma que \u201cse colige, sin ambages, que a pesar de lo imperativo y perentorio de la orden impartida con la medida cautelar\u201d de suspender la elecci\u00f3n de rector en propiedad\u00a0 el Consejo Superior con su actuaci\u00f3n no\u00a0 acreditaba\u00a0 \u201cformal y materialmente su acatamiento\u201d.<\/p>\n<p>Hern\u00e1ndez recuerda que cualquier decisi\u00f3n adoptada a futuro en torno a la posibilidad de elecci\u00f3n en propiedad de la universidad debe supeditarse a la orden judicial que \u00e9l imparti\u00f3. Por esa raz\u00f3n hace el llamado al Consejo Superior para que cumpla la medida cautelar y pide que de esta decisi\u00f3n quede constancia en un acta \u201cso pena de las sanciones pecuniarias previstas en el art\u00edculo 241 del C\u00f3digo de Procedimiento Administrativo y de lo Contencioso Administrativo\u201d.<\/p>\n","protected":false},"excerpt":{"rendered":"<p>Tribunal: elecci\u00f3n de rector en propiedad de Udea sigue suspendida En decisi\u00f3n del pasado mi\u00e9rcoles, el Tribunal Administrativo del Atl\u00e1ntico, en una sala unitaria de decisi\u00f3n del magistrado \u00c1ngel Hern\u00e1ndez Cano, exhort\u00f3 al Consejo Superior de la Universidad del Atl\u00e1ntico a que acate formal y materialmente, si a\u00fan no lo ha hecho, la medida cautelar&#8230;<\/p>\n","protected":false},"author":2,"featured_media":0,"comment_status":"open","ping_status":"open","sticky":false,"template":"","format":"standard","meta":{"advanced_seo_description":"","jetpack_seo_html_title":"","jetpack_seo_noindex":false,"jetpack_post_was_ever_published":false,"_jetpack_newsletter_access":"","_jetpack_dont_email_post_to_subs":false,"_jetpack_newsletter_tier_id":0,"_jetpack_memberships_contains_paywalled_content":false,"_jetpack_memberships_contains_paid_content":false,"footnotes":"","jetpack_publicize_message":"","jetpack_publicize_feature_enabled":true,"jetpack_social_post_already_shared":true,"jetpack_social_options":{"image_generator_settings":{"template":"highway","default_image_id":0,"font":"","enabled":false},"version":2}},"categories":[2],"tags":[],"class_list":["post-402","post","type-post","status-publish","format-standard","hentry","category-noticias"],"jetpack_publicize_connections":[],"jetpack_featured_media_url":"","jetpack_sharing_enabled":true,"jetpack_shortlink":"https:\/\/wp.me\/paSj5R-6u","_links":{"self":[{"href":"https:\/\/sintradeua.org\/co\/wp-json\/wp\/v2\/posts\/402","targetHints":{"allow":["GET"]}}],"collection":[{"href":"https:\/\/sintradeua.org\/co\/wp-json\/wp\/v2\/posts"}],"about":[{"href":"https:\/\/sintradeua.org\/co\/wp-json\/wp\/v2\/types\/post"}],"author":[{"embeddable":true,"href":"https:\/\/sintradeua.org\/co\/wp-json\/wp\/v2\/users\/2"}],"replies":[{"embeddable":true,"href":"https:\/\/sintradeua.org\/co\/wp-json\/wp\/v2\/comments?post=402"}],"version-history":[{"count":0,"href":"https:\/\/sintradeua.org\/co\/wp-json\/wp\/v2\/posts\/402\/revisions"}],"wp:attachment":[{"href":"https:\/\/sintradeua.org\/co\/wp-json\/wp\/v2\/media?parent=402"}],"wp:term":[{"taxonomy":"category","embeddable":true,"href":"https:\/\/sintradeua.org\/co\/wp-json\/wp\/v2\/categories?post=402"},{"taxonomy":"post_tag","embeddable":true,"href":"https:\/\/sintradeua.org\/co\/wp-json\/wp\/v2\/tags?post=402"}],"curies":[{"name":"wp","href":"https:\/\/api.w.org\/{rel}","templated":true}]}}