{"id":3969,"date":"2019-03-05T19:35:28","date_gmt":"2019-03-06T00:35:28","guid":{"rendered":"https:\/\/www.sintradeua.org\/home\/?p=3969"},"modified":"2019-03-05T19:35:28","modified_gmt":"2019-03-06T00:35:28","slug":"la-pension-gracia-no-depende-de-los-aportes-y-es-compatible-con-la-pension-de-jubilacion-y-con-el-salario","status":"publish","type":"post","link":"https:\/\/sintradeua.org\/co\/la-pension-gracia-no-depende-de-los-aportes-y-es-compatible-con-la-pension-de-jubilacion-y-con-el-salario\/","title":{"rendered":"LA PENSI\u00d3N GRACIA NO DEPENDE DE LOS APORTES Y ES COMPATIBLE CON LA PENSI\u00d3N DE JUBILACI\u00d3N Y CON EL SALARIO"},"content":{"rendered":"<p style=\"text-align: justify;\"><img data-recalc-dims=\"1\" decoding=\"async\" src=\"https:\/\/i0.wp.com\/www.ambitojuridico.com\/sites\/default\/files\/legacy\/BancoMedios\/Imagenes\/derecho-justicia-mallete%28big%29.jpg?w=640&#038;ssl=1\" alt=\"Resultado de imagen para LA PENSI\u00c3\u0093N GRACIA NO DEPENDE DE LOS APORTES Y ES COMPATIBLE CON LA PENSI\u00c3\u0093N DE JUBILACI\u00c3\u0093N Y CON EL SALARIO\" \/><\/p>\n<p style=\"text-align: justify;\">La Secci\u00f3n Segunda del H. Consejo de Estado en reciente pronunciamiento record\u00f3 que la pensi\u00f3n gracia fue concebida como una compensaci\u00f3n o retribuci\u00f3n en favor de los docentes territoriales que ten\u00edan una diferencia salarial frente a los maestros de car\u00e1cter nacional. Indic\u00f3 que \u00e9sta es una prestaci\u00f3n de car\u00e1cter especial y aut\u00f3noma y fue instituida en virtud de las Leyes 114 de 1913, 116 de 1928, 37 de 1933 y 91 de 1989; los beneficiarios de dicha prestaci\u00f3n son los docentes que presten sus servicios a instituciones educativas del orden territorial o nacionalizadas vinculados antes del 31 de diciembre de 1980 y que cumplan los dem\u00e1s requisitos exigidos en las referidas normas.<\/p>\n<p style=\"text-align: justify;\">Igualmente precis\u00f3 que, tal y como lo dispone la normativa que gobierna dicha prestaci\u00f3n, la pensi\u00f3n gracia, no depende de los aportes y es compatible: (i)\u00a0<strong>con la pensi\u00f3n de jubilaci\u00f3n<\/strong>\u00a0(Leyes 115 de 1994, art\u00edculo 115, 91 de 1989, 60 de 1993 art\u00edculo. 6, y (ii)\u00a0<strong>con el salario<\/strong>\u00a0(art\u00edculo 5 del Decreto 224 de 1972, art\u00edculo 70 del Decreto Ley 2277 de 1979, y art\u00edculo 19 de la Ley 334 de 1996).<\/p>\n<p style=\"text-align: justify;\">\nPor \u00faltimo, indic\u00f3 que la mesada de pensi\u00f3n gracia no se encuentra exenta del descuento para salud, ni goza de un porcentaje inferior o diferente al previsto tanto para los afiliados al sistema general de seguridad social en salud, como para los afiliados al Fondo de Prestaciones Sociales del Magisterio, es decir que, la cotizaci\u00f3n para salud del sistema general de los docentes afiliados al Fondo de Prestaciones Sociales del Magisterio, es el mismo porcentaje del r\u00e9gimen general, es decir, del 12% conforme lo previsto en el art\u00edculo 204 de la Ley 100 de 1993, modificado por el art\u00edculo 10 de la Ley 1122 de 2007.<\/p>\n<p style=\"text-align: justify;\">Consejo de Estado, Secci\u00f3n Segunda, Subsecci\u00f3n A. Sentencia del 21 de junio de 2018, radicado interno: 3756-16. CP: WILLIAM HERN\u00c1NDEZ G\u00d3MEZ<\/p>\n","protected":false},"excerpt":{"rendered":"<p>La Secci\u00f3n Segunda del H. Consejo de Estado en reciente pronunciamiento record\u00f3 que la pensi\u00f3n gracia fue concebida como una compensaci\u00f3n o retribuci\u00f3n en favor de los docentes territoriales que ten\u00edan una diferencia salarial frente a los maestros de car\u00e1cter nacional. Indic\u00f3 que \u00e9sta es una prestaci\u00f3n de car\u00e1cter especial y aut\u00f3noma y fue instituida&#8230;<\/p>\n","protected":false},"author":2,"featured_media":3971,"comment_status":"open","ping_status":"open","sticky":false,"template":"","format":"standard","meta":{"advanced_seo_description":"","jetpack_seo_html_title":"","jetpack_seo_noindex":false,"jetpack_post_was_ever_published":false,"_jetpack_newsletter_access":"","_jetpack_dont_email_post_to_subs":false,"_jetpack_newsletter_tier_id":0,"_jetpack_memberships_contains_paywalled_content":false,"_jetpack_memberships_contains_paid_content":false,"footnotes":"","jetpack_publicize_message":"","jetpack_publicize_feature_enabled":true,"jetpack_social_post_already_shared":true,"jetpack_social_options":{"image_generator_settings":{"template":"highway","default_image_id":0,"font":"","enabled":false},"version":2}},"categories":[2],"tags":[],"class_list":["post-3969","post","type-post","status-publish","format-standard","has-post-thumbnail","hentry","category-noticias"],"jetpack_publicize_connections":[],"jetpack_featured_media_url":"https:\/\/i0.wp.com\/sintradeua.org\/co\/wp-content\/uploads\/2019\/03\/derecho-justicia-malletebig.jpg?fit=814%2C407&ssl=1","jetpack_sharing_enabled":true,"jetpack_shortlink":"https:\/\/wp.me\/paSj5R-121","_links":{"self":[{"href":"https:\/\/sintradeua.org\/co\/wp-json\/wp\/v2\/posts\/3969","targetHints":{"allow":["GET"]}}],"collection":[{"href":"https:\/\/sintradeua.org\/co\/wp-json\/wp\/v2\/posts"}],"about":[{"href":"https:\/\/sintradeua.org\/co\/wp-json\/wp\/v2\/types\/post"}],"author":[{"embeddable":true,"href":"https:\/\/sintradeua.org\/co\/wp-json\/wp\/v2\/users\/2"}],"replies":[{"embeddable":true,"href":"https:\/\/sintradeua.org\/co\/wp-json\/wp\/v2\/comments?post=3969"}],"version-history":[{"count":1,"href":"https:\/\/sintradeua.org\/co\/wp-json\/wp\/v2\/posts\/3969\/revisions"}],"predecessor-version":[{"id":3972,"href":"https:\/\/sintradeua.org\/co\/wp-json\/wp\/v2\/posts\/3969\/revisions\/3972"}],"wp:featuredmedia":[{"embeddable":true,"href":"https:\/\/sintradeua.org\/co\/wp-json\/wp\/v2\/media\/3971"}],"wp:attachment":[{"href":"https:\/\/sintradeua.org\/co\/wp-json\/wp\/v2\/media?parent=3969"}],"wp:term":[{"taxonomy":"category","embeddable":true,"href":"https:\/\/sintradeua.org\/co\/wp-json\/wp\/v2\/categories?post=3969"},{"taxonomy":"post_tag","embeddable":true,"href":"https:\/\/sintradeua.org\/co\/wp-json\/wp\/v2\/tags?post=3969"}],"curies":[{"name":"wp","href":"https:\/\/api.w.org\/{rel}","templated":true}]}}