{"id":373,"date":"2015-08-21T05:30:52","date_gmt":"2015-08-21T10:30:52","guid":{"rendered":"http:\/\/www.sintradeua.org\/home\/?p=373"},"modified":"2015-08-21T05:31:13","modified_gmt":"2015-08-21T10:31:13","slug":"rectora-e-le-da-transparencia-a-proceso-de-eleccion-en-uniatlantico-ministra-gina-parody","status":"publish","type":"post","link":"https:\/\/sintradeua.org\/co\/rectora-e-le-da-transparencia-a-proceso-de-eleccion-en-uniatlantico-ministra-gina-parody\/","title":{"rendered":"\u00abRectora (e) le da transparencia a proceso de elecci\u00f3n en Uniatl\u00e1ntico\u00bb: ministra Gina Parody"},"content":{"rendered":"<p><img data-recalc-dims=\"1\" decoding=\"async\" src=\"https:\/\/i0.wp.com\/www.elheraldo.co\/sites\/default\/files\/styles\/detalle_articulo\/public\/2015\/08\/19\/articulo\/gina_parody_uniatlantico.jpg?w=640\" alt=\"Josefina Villarreal\" \/><\/p>\n<div class=\"field field-name-field-antetitulo field-type-text field-label-hidden\">\n<div class=\"field-items\">\n<div class=\"field-item even\">Para la ministra de Educaci\u00f3n, Gina Parody, la designaci\u00f3n de Rafaela Vos Obeso como rectora de la Universidad del Atl\u00e1ntico le da \u00abtransparencia\u00bb al proceso de elecciones para nombrar rector en propiedad.<\/div>\n<\/div>\n<\/div>\n<div class=\"field field-name-body field-type-text-with-summary field-label-hidden\">\n<div class=\"field-items\">\n<div class=\"field-item even\">\n<p>La <strong>ministra de Educaci\u00f3n, Gina Parody<\/strong>, asegur\u00f3 este mi\u00e9rcoles que <a href=\"http:\/\/www.elheraldo.co\/local\/consejo-superior-de-udea-saca-castillo-y-designa-rafaela-vos-211832\" target=\"_blank\">la designaci\u00f3n de <strong>Rafaela Vos Obeso<\/strong><\/a> como rectora de la<strong> Universidad del Atl\u00e1ntico <\/strong>le da \u00abtransparencia\u00bb al <a href=\"http:\/\/www.elheraldo.co\/local\/consejeros-de-la-universidad-del-atlantico-destapan-cartas-sobre-rector-e-210556\" target=\"_blank\">proceso de elecciones<\/a> para rector en propiedad de la instituci\u00f3n. Vos Obeso remplaz\u00f3 en el cargo a <a href=\"http:\/\/www.elheraldo.co\/local\/permanecere-hasta-que-la-ley-me-lo-permita-rafael-castillo-210727\" target=\"_blank\"><strong>Rafael Castillo Pacheco<\/strong><\/a>, por orden del Consejo Superior de la universidad.<\/p>\n<p>\u00abToca retomar ese proceso, <a href=\"http:\/\/www.elheraldo.co\/local\/las-siete-horas-de-tension-que-tumbaron-al-rector-e-de-la-uniatlantico-211947\" target=\"_blank\">el encargo es precisamente para poder nombrar un rector en propiedad.<\/a><strong> La Universidad del Atl\u00e1ntico es una de las m\u00e1s importantes que tiene el pa\u00eds, tiene 150 mil millones de pesos de presupuesto <\/strong>y necesitamos que eso se invierta en calidad\u00bb, se\u00f1al\u00f3 Parody.<\/p>\n<p>La funcionaria, adem\u00e1s, asegur\u00f3 que \u00abel proceso (de elecci\u00f3n) tiene que seguir\u00bb. \u00ab<strong>Ac\u00e1 se emiti\u00f3 un fallo expr\u00e9s que trat\u00f3 de frenar el proceso. Vamos a poner todas las acciones judiciales necesarias <\/strong>para que esa medida que sali\u00f3 de un d\u00eda para otro permita que el proceso contin\u00fae\u00bb, enfatiz\u00f3.<\/p>\n<p>El Tribunal Administrativo del Atl\u00e1ntico orden\u00f3 el 7 de julio pasado, mediante medida cautelar, \u00absuspender de manera inmediata\u00bb la designaci\u00f3n de un rector en propiedad, decisi\u00f3n que estaba programada para el 9 de julio.<\/p>\n<\/div>\n<\/div>\n<\/div>\n","protected":false},"excerpt":{"rendered":"<p>Para la ministra de Educaci\u00f3n, Gina Parody, la designaci\u00f3n de Rafaela Vos Obeso como rectora de la Universidad del Atl\u00e1ntico le da \u00abtransparencia\u00bb al proceso de elecciones para nombrar rector en propiedad. La ministra de Educaci\u00f3n, Gina Parody, asegur\u00f3 este mi\u00e9rcoles que la designaci\u00f3n de Rafaela Vos Obeso como rectora de la Universidad del Atl\u00e1ntico&#8230;<\/p>\n","protected":false},"author":2,"featured_media":0,"comment_status":"open","ping_status":"open","sticky":false,"template":"","format":"standard","meta":{"advanced_seo_description":"","jetpack_seo_html_title":"","jetpack_seo_noindex":false,"jetpack_post_was_ever_published":false,"_jetpack_newsletter_access":"","_jetpack_dont_email_post_to_subs":false,"_jetpack_newsletter_tier_id":0,"_jetpack_memberships_contains_paywalled_content":false,"_jetpack_memberships_contains_paid_content":false,"footnotes":"","jetpack_publicize_message":"","jetpack_publicize_feature_enabled":true,"jetpack_social_post_already_shared":true,"jetpack_social_options":{"image_generator_settings":{"template":"highway","default_image_id":0,"font":"","enabled":false},"version":2}},"categories":[2],"tags":[],"class_list":["post-373","post","type-post","status-publish","format-standard","hentry","category-noticias"],"jetpack_publicize_connections":[],"jetpack_featured_media_url":"","jetpack_sharing_enabled":true,"jetpack_shortlink":"https:\/\/wp.me\/paSj5R-61","_links":{"self":[{"href":"https:\/\/sintradeua.org\/co\/wp-json\/wp\/v2\/posts\/373","targetHints":{"allow":["GET"]}}],"collection":[{"href":"https:\/\/sintradeua.org\/co\/wp-json\/wp\/v2\/posts"}],"about":[{"href":"https:\/\/sintradeua.org\/co\/wp-json\/wp\/v2\/types\/post"}],"author":[{"embeddable":true,"href":"https:\/\/sintradeua.org\/co\/wp-json\/wp\/v2\/users\/2"}],"replies":[{"embeddable":true,"href":"https:\/\/sintradeua.org\/co\/wp-json\/wp\/v2\/comments?post=373"}],"version-history":[{"count":0,"href":"https:\/\/sintradeua.org\/co\/wp-json\/wp\/v2\/posts\/373\/revisions"}],"wp:attachment":[{"href":"https:\/\/sintradeua.org\/co\/wp-json\/wp\/v2\/media?parent=373"}],"wp:term":[{"taxonomy":"category","embeddable":true,"href":"https:\/\/sintradeua.org\/co\/wp-json\/wp\/v2\/categories?post=373"},{"taxonomy":"post_tag","embeddable":true,"href":"https:\/\/sintradeua.org\/co\/wp-json\/wp\/v2\/tags?post=373"}],"curies":[{"name":"wp","href":"https:\/\/api.w.org\/{rel}","templated":true}]}}