{"id":313,"date":"2015-08-18T10:47:36","date_gmt":"2015-08-18T15:47:36","guid":{"rendered":"http:\/\/www.sintradeua.org\/home\/?p=313"},"modified":"2015-08-18T11:08:57","modified_gmt":"2015-08-18T16:08:57","slug":"lanzamiento-del-libro-la-oralidad","status":"publish","type":"post","link":"https:\/\/sintradeua.org\/co\/lanzamiento-del-libro-la-oralidad\/","title":{"rendered":"LANZAMIENTO DEL LIBRO LA ORALIDAD"},"content":{"rendered":"<h3 style=\"text-align: left;\"><a href=\"https:\/\/i0.wp.com\/www.sintradeua.org\/co\/wp-content\/uploads\/2015\/08\/IMG-20150818-WA0004.jpg\"><img data-recalc-dims=\"1\" loading=\"lazy\" decoding=\"async\" data-attachment-id=\"314\" data-permalink=\"https:\/\/sintradeua.org\/co\/lanzamiento-del-libro-la-oralidad\/img-20150818-wa0004\/\" data-orig-file=\"https:\/\/i0.wp.com\/sintradeua.org\/co\/wp-content\/uploads\/2015\/08\/IMG-20150818-WA0004.jpg?fit=768%2C1024&amp;ssl=1\" data-orig-size=\"768,1024\" data-comments-opened=\"1\" data-image-meta=\"{&quot;aperture&quot;:&quot;0&quot;,&quot;credit&quot;:&quot;&quot;,&quot;camera&quot;:&quot;&quot;,&quot;caption&quot;:&quot;&quot;,&quot;created_timestamp&quot;:&quot;0&quot;,&quot;copyright&quot;:&quot;&quot;,&quot;focal_length&quot;:&quot;0&quot;,&quot;iso&quot;:&quot;0&quot;,&quot;shutter_speed&quot;:&quot;0&quot;,&quot;title&quot;:&quot;&quot;,&quot;orientation&quot;:&quot;1&quot;}\" data-image-title=\"IMG-20150818-WA0004\" data-image-description=\"\" data-image-caption=\"\" data-large-file=\"https:\/\/i0.wp.com\/sintradeua.org\/co\/wp-content\/uploads\/2015\/08\/IMG-20150818-WA0004.jpg?fit=600%2C800&amp;ssl=1\" class=\" size-medium wp-image-314 alignleft\" src=\"https:\/\/i0.wp.com\/www.sintradeua.org\/co\/wp-content\/uploads\/2015\/08\/IMG-20150818-WA0004-225x300.jpg?resize=225%2C300\" alt=\"IMG-20150818-WA0004\" width=\"225\" height=\"300\" srcset=\"https:\/\/i0.wp.com\/sintradeua.org\/co\/wp-content\/uploads\/2015\/08\/IMG-20150818-WA0004.jpg?resize=225%2C300&amp;ssl=1 225w, https:\/\/i0.wp.com\/sintradeua.org\/co\/wp-content\/uploads\/2015\/08\/IMG-20150818-WA0004.jpg?w=768&amp;ssl=1 768w\" sizes=\"auto, (max-width: 225px) 100vw, 225px\" \/><\/a><strong>Propuesta\u00a0pedag\u00f3gica\u00a0para el desarrollo de competencias argumentativas y propositivas en los estudiantes de\u00a0Derecho.<\/strong><\/h3>\n<p style=\"text-align: left;\">Hoy en la Universidad Libre de Colombia, se presenta el Libro La Oralidad, escrito por el amigo y compa\u00f1ero Gaspar Hernandez Caama\u00f1o y Vilma Lucia Ria\u00f1o Gonzalez.<\/p>\n<p style=\"text-align: left;\">El libro fue publicado en Espa\u00f1a y fue la tesis de Maestr\u00eda del Dr. Gaspar Hernandez, quien ademas fue Decano de la Facultad de Derecho y Ciencias Sociales de la Universidad Libre y Universidad del Atl\u00e1ntico.<!--more--><\/p>\n<p style=\"text-align: left;\">De tal manera que se pone a disposici\u00f3n de la comunidad acad\u00e9mica este importante texto editado bajo el sello de editorial acad\u00e9mica espa\u00f1ola.<\/p>\n","protected":false},"excerpt":{"rendered":"<p>Propuesta\u00a0pedag\u00f3gica\u00a0para el desarrollo de competencias argumentativas y propositivas en los estudiantes de\u00a0Derecho. Hoy en la Universidad Libre de Colombia, se presenta el Libro La Oralidad, escrito por el amigo y compa\u00f1ero Gaspar Hernandez Caama\u00f1o y Vilma Lucia Ria\u00f1o Gonzalez. El libro fue publicado en Espa\u00f1a y fue la tesis de Maestr\u00eda del Dr. Gaspar Hernandez,&#8230;<\/p>\n","protected":false},"author":2,"featured_media":314,"comment_status":"open","ping_status":"open","sticky":false,"template":"","format":"standard","meta":{"advanced_seo_description":"","jetpack_seo_html_title":"","jetpack_seo_noindex":false,"jetpack_post_was_ever_published":false,"_jetpack_newsletter_access":"","_jetpack_dont_email_post_to_subs":false,"_jetpack_newsletter_tier_id":0,"_jetpack_memberships_contains_paywalled_content":false,"_jetpack_memberships_contains_paid_content":false,"footnotes":"","jetpack_publicize_message":"","jetpack_publicize_feature_enabled":true,"jetpack_social_post_already_shared":true,"jetpack_social_options":{"image_generator_settings":{"template":"highway","default_image_id":0,"font":"","enabled":false},"version":2}},"categories":[20],"tags":[],"class_list":["post-313","post","type-post","status-publish","format-standard","has-post-thumbnail","hentry","category-general"],"jetpack_publicize_connections":[],"jetpack_featured_media_url":"https:\/\/i0.wp.com\/sintradeua.org\/co\/wp-content\/uploads\/2015\/08\/IMG-20150818-WA0004.jpg?fit=768%2C1024&ssl=1","jetpack_sharing_enabled":true,"jetpack_shortlink":"https:\/\/wp.me\/paSj5R-53","_links":{"self":[{"href":"https:\/\/sintradeua.org\/co\/wp-json\/wp\/v2\/posts\/313","targetHints":{"allow":["GET"]}}],"collection":[{"href":"https:\/\/sintradeua.org\/co\/wp-json\/wp\/v2\/posts"}],"about":[{"href":"https:\/\/sintradeua.org\/co\/wp-json\/wp\/v2\/types\/post"}],"author":[{"embeddable":true,"href":"https:\/\/sintradeua.org\/co\/wp-json\/wp\/v2\/users\/2"}],"replies":[{"embeddable":true,"href":"https:\/\/sintradeua.org\/co\/wp-json\/wp\/v2\/comments?post=313"}],"version-history":[{"count":0,"href":"https:\/\/sintradeua.org\/co\/wp-json\/wp\/v2\/posts\/313\/revisions"}],"wp:featuredmedia":[{"embeddable":true,"href":"https:\/\/sintradeua.org\/co\/wp-json\/wp\/v2\/media\/314"}],"wp:attachment":[{"href":"https:\/\/sintradeua.org\/co\/wp-json\/wp\/v2\/media?parent=313"}],"wp:term":[{"taxonomy":"category","embeddable":true,"href":"https:\/\/sintradeua.org\/co\/wp-json\/wp\/v2\/categories?post=313"},{"taxonomy":"post_tag","embeddable":true,"href":"https:\/\/sintradeua.org\/co\/wp-json\/wp\/v2\/tags?post=313"}],"curies":[{"name":"wp","href":"https:\/\/api.w.org\/{rel}","templated":true}]}}