{"id":294,"date":"2015-08-15T19:59:56","date_gmt":"2015-08-16T01:59:56","guid":{"rendered":"http:\/\/www.sintradeua.org\/home\/?p=294"},"modified":"2015-08-16T19:01:02","modified_gmt":"2015-08-17T01:01:02","slug":"guerra-por-la-rectoria-de-la-universidad-del-atlantico","status":"publish","type":"post","link":"https:\/\/sintradeua.org\/co\/guerra-por-la-rectoria-de-la-universidad-del-atlantico\/","title":{"rendered":"GUERRA POR LA RECTORIA DE LA UNIVERSIDAD DEL ATLANTICO"},"content":{"rendered":"<figure id=\"attachment_104\" aria-describedby=\"caption-attachment-104\" style=\"width: 300px\" class=\"wp-caption alignleft\"><img data-recalc-dims=\"1\" loading=\"lazy\" decoding=\"async\" data-attachment-id=\"104\" data-permalink=\"https:\/\/sintradeua.org\/co\/denuncia\/campusua\/\" data-orig-file=\"https:\/\/i0.wp.com\/sintradeua.org\/co\/wp-content\/uploads\/2015\/05\/campusUA.jpg?fit=640%2C427&amp;ssl=1\" data-orig-size=\"640,427\" data-comments-opened=\"1\" data-image-meta=\"{&quot;aperture&quot;:&quot;0&quot;,&quot;credit&quot;:&quot;&quot;,&quot;camera&quot;:&quot;&quot;,&quot;caption&quot;:&quot;&quot;,&quot;created_timestamp&quot;:&quot;0&quot;,&quot;copyright&quot;:&quot;&quot;,&quot;focal_length&quot;:&quot;0&quot;,&quot;iso&quot;:&quot;0&quot;,&quot;shutter_speed&quot;:&quot;0&quot;,&quot;title&quot;:&quot;&quot;,&quot;orientation&quot;:&quot;0&quot;}\" data-image-title=\"Universidad del Atl\u00e1ntico\" data-image-description=\"\" data-image-caption=\"&lt;p&gt;Campus de la Universidad del Atl\u00e1ntico&lt;\/p&gt;\n\" data-large-file=\"https:\/\/i0.wp.com\/sintradeua.org\/co\/wp-content\/uploads\/2015\/05\/campusUA.jpg?fit=640%2C427&amp;ssl=1\" class=\"size-medium wp-image-104\" src=\"https:\/\/i0.wp.com\/www.sintradeua.org\/co\/wp-content\/uploads\/2015\/05\/campusUA-300x200.jpg?resize=300%2C200\" alt=\"Universidad del Atl\u00e1ntico\" width=\"300\" height=\"200\" srcset=\"https:\/\/i0.wp.com\/sintradeua.org\/co\/wp-content\/uploads\/2015\/05\/campusUA.jpg?resize=300%2C200&amp;ssl=1 300w, https:\/\/i0.wp.com\/sintradeua.org\/co\/wp-content\/uploads\/2015\/05\/campusUA.jpg?w=640&amp;ssl=1 640w\" sizes=\"auto, (max-width: 300px) 100vw, 300px\" \/><figcaption id=\"caption-attachment-104\" class=\"wp-caption-text\">Campus de la Universidad del Atl\u00e1ntico<\/figcaption><\/figure>\n<h2>\u00bfQu\u00e9 esta pasando en Uniatl\u00e1ntico?<\/h2>\n<p><strong>Acusaciones de corrupci\u00f3n, da\u00f1os a la a infraestructura universitaria y amenazas contra el Consejo Superior se viven en la elecci\u00f3n de esta universidad. El rector fue separado del cargo.<\/strong><\/p>\n<p>Pocas veces la elecci\u00f3n de un cargo acad\u00e9mico se convierte en una puja con tantas connotaciones pol\u00edticas, jur\u00eddicas y de seguridad como la del nuevo rector de la Universidad del Atl\u00e1ntico.<!--more--><\/p>\n<p>En una reuni\u00f3n que se prolong\u00f3 por espacio de siete horas el pasado viernes, el Consejo Superior de la Universidad del Atl\u00e1ntico, separ\u00f3 del cargo como rector encargado, a Rafael Castillo Pacheco. Por el momento design\u00f3 como encargada, hasta que se elija nuevo rector en propiedad, a Rafaela Vos Obeso, quien se ha desempe\u00f1ado como vicerrectora de investigaciones.<\/p>\n<p>El cargo se encuentra vacante desde mediados del 2014 cuando la rectora Ana Sof\u00eda Mesa dej\u00f3 la rector\u00eda por haber cumplido la edad de retiro forzoso. El Consejo Superior design\u00f3 entonces a Castillo como encargado para que dirigiera el proceso electoral del nuevo l\u00edder de la emblem\u00e1tica universidad.<\/p>\n<p>Se supon\u00eda que el tr\u00e1mite tendr\u00eda que ser sencillo y no tardar m\u00e1s de tres meses. Sin embargo, en el camino se han interpuesto intereses de todo tipo que han impedido la elecci\u00f3n. A pesar de que ya existe una terna, en la que se encuentra el mismo Castillo Pacheco, quien fue desvinculado ayer de la rector\u00eda, nada que hay humo blanco.<\/p>\n<p>En las \u00faltimas semanas las denuncias de irregularidades en contrataci\u00f3n por parte del rector, demandas contra algunos consejeros y hasta amenazas, han impedido que la elecci\u00f3n tenga lugar.<\/p>\n<p>Ese limbo hizo necesaria la convocatoria de una reuni\u00f3n extraordinaria del Consejo Superior y la salida del rector Rafael Castillo Pacheco. La ministra de Educaci\u00f3n Gina Paroddy, manifest\u00f3 su preocupaci\u00f3n por la situaci\u00f3n de la universidad. El pasado 6 de agosto asegur\u00f3 que lo que est\u00e1 ocurriendo \u201craya en lo penal\u201d, refiri\u00e9ndose a contratos irregulares celebrados en beneficio de familiares del rector encargado y la ocurrencia de actos vand\u00e1licos contra las instalaciones de la universidad. (<a href=\"http:\/\/www.elheraldo.co\/local\/lo-que-pasa-en-la-universidad-del-atlantico-raya-en-lo-penal-mineducacion-210038\" target=\"_blank\">Ver art\u00edculo<\/a>)<\/p>\n<p>La ministra Parody explic\u00f3 en una entrevista a El Heraldo, que el ministerio hab\u00eda enviado una comisi\u00f3n para revisar unas denuncias de presuntos contratos por parte de la rector\u00eda a \u201cfamiliares de Castillo, miembros del Consejo Superior y de gente que est\u00e1 inhabilitada por haber sido consejero hace menos de dos a\u00f1os\u201d, para establecer este tipo de v\u00ednculos laborales con esta instituci\u00f3n de educaci\u00f3n superior p\u00fablica.<\/p>\n<p>\u201cLo que me genera todas estas sospechas es la cantidad de contratos que se han hecho, que entre los contratados haya familiares de Castillo, y que cada vez que se avance en el proceso quieran apelar judicialmente a los consejeros. Es grav\u00edsimo este fallo del Tribunal que ordena suspender la reuni\u00f3n del Consejo Superior. Ojal\u00e1 no hayan mediado razones politiqueras\u201d, puntualiz\u00f3 Parody en declaraciones a ese diario.<\/p>\n<p>La ministra se refer\u00eda a un oficio del Tribunal Administrativo del Atl\u00e1ntico que orden\u00f3 al Consejo Superior suspender la elecci\u00f3n de rector programada por el pasado 9 de julio. La suspensi\u00f3n lleg\u00f3 un d\u00eda antes en medio todas estas acusaciones de contrataci\u00f3n indebida, amenazas contra algunos consejeros y exigencias al rector para que garantice un\u00a0 proceso transparente, pues a \u00e9l lo hab\u00edan encargado de la rector\u00eda para que dirigiera el proceso de elecci\u00f3n, pero termin\u00f3 participando en la contienda, lo que termin\u00f3 generando malestar y desconcierto en el estamento universitario y en los miembros del Consejo Superior.<\/p>\n<p>El rector Castillo rechaz\u00f3 las acusaciones de la ministra de Educaci\u00f3n, mientras que el gobernador del Atl\u00e1ntico dijo que \u2018no hay otro camino, hay que respetar las decisiones judiciales.<\/p>\n<p>D\u00edas despu\u00e9s la viceministra de Educaci\u00f3n Natalia Ariza, rechaz\u00f3 las acusaciones realizadas por el rector Castillo, quien dijo que algunos miembros del Consejo estaban ejerciendo\u00a0 un \u2018matoneo\u2019 en su contra y que quer\u00edan sacarlo de la rector\u00eda de manera ilegal. Agreg\u00f3 que se estar\u00eda violando la ley de garant\u00edas electorales\u00a0 al convocar a una reuni\u00f3n extraordinaria del Consejo Superior, el cual se realiz\u00f3 el viernes 14 de agosto. Ese encuentro termin\u00f3 en la separaci\u00f3n del cargo de Castillo y la designaci\u00f3n de una rectora encargada. Con esto se busca dar garant\u00edas a los otros dos aspirantes al cargo, el bi\u00f3logo Salim Mattar y al actual secretario de educaci\u00f3n departamental Carlos Prasca.<\/p>\n<p>Ariza afirm\u00f3 que \u201cno hay matoneo\u201d contra Castillo y que el \u00fanico inter\u00e9s del ministerio es es que se d\u00e9 un debate acad\u00e9mico transparente, que busque la mejor hoja de vida y el mejor proyecto de gesti\u00f3n para la universidad.\u00a0 Aunque los estatutos de ese claustro permiten que un rector encargado pueda ser candidato, muchos se han quejado que Castillo tiene privilegios frente a los dem\u00e1s postulados. \u201c\u00c9l ha\u00a0 tratado de sumar todas las fuerzas de la universidad a su favor\u201d, dijo la viceministra.<\/p>\n<p>Ayer, siete de los nueve consejeros, decidieron que Castillo no deb\u00eda continuar, s\u00f3lo apoyaron su continuidad el delegado de los estudiantes y el de los profesores. Apenas se resuelvan las tutelas pendientes, el Consejo convocar\u00e1 nueva fecha para elecci\u00f3n de rector.\u00a0<\/p>\n","protected":false},"excerpt":{"rendered":"<p>\u00bfQu\u00e9 esta pasando en Uniatl\u00e1ntico? Acusaciones de corrupci\u00f3n, da\u00f1os a la a infraestructura universitaria y amenazas contra el Consejo Superior se viven en la elecci\u00f3n de esta universidad. El rector fue separado del cargo. Pocas veces la elecci\u00f3n de un cargo acad\u00e9mico se convierte en una puja con tantas connotaciones pol\u00edticas, jur\u00eddicas y de seguridad&#8230;<\/p>\n","protected":false},"author":2,"featured_media":104,"comment_status":"open","ping_status":"open","sticky":false,"template":"","format":"standard","meta":{"advanced_seo_description":"","jetpack_seo_html_title":"","jetpack_seo_noindex":false,"jetpack_post_was_ever_published":false,"_jetpack_newsletter_access":"","_jetpack_dont_email_post_to_subs":false,"_jetpack_newsletter_tier_id":0,"_jetpack_memberships_contains_paywalled_content":false,"_jetpack_memberships_contains_paid_content":false,"footnotes":"","jetpack_publicize_message":"","jetpack_publicize_feature_enabled":true,"jetpack_social_post_already_shared":true,"jetpack_social_options":{"image_generator_settings":{"template":"highway","default_image_id":0,"font":"","enabled":false},"version":2}},"categories":[2],"tags":[],"class_list":["post-294","post","type-post","status-publish","format-standard","has-post-thumbnail","hentry","category-noticias"],"jetpack_publicize_connections":[],"jetpack_featured_media_url":"https:\/\/i0.wp.com\/sintradeua.org\/co\/wp-content\/uploads\/2015\/05\/campusUA.jpg?fit=640%2C427&ssl=1","jetpack_sharing_enabled":true,"jetpack_shortlink":"https:\/\/wp.me\/paSj5R-4K","_links":{"self":[{"href":"https:\/\/sintradeua.org\/co\/wp-json\/wp\/v2\/posts\/294","targetHints":{"allow":["GET"]}}],"collection":[{"href":"https:\/\/sintradeua.org\/co\/wp-json\/wp\/v2\/posts"}],"about":[{"href":"https:\/\/sintradeua.org\/co\/wp-json\/wp\/v2\/types\/post"}],"author":[{"embeddable":true,"href":"https:\/\/sintradeua.org\/co\/wp-json\/wp\/v2\/users\/2"}],"replies":[{"embeddable":true,"href":"https:\/\/sintradeua.org\/co\/wp-json\/wp\/v2\/comments?post=294"}],"version-history":[{"count":0,"href":"https:\/\/sintradeua.org\/co\/wp-json\/wp\/v2\/posts\/294\/revisions"}],"wp:featuredmedia":[{"embeddable":true,"href":"https:\/\/sintradeua.org\/co\/wp-json\/wp\/v2\/media\/104"}],"wp:attachment":[{"href":"https:\/\/sintradeua.org\/co\/wp-json\/wp\/v2\/media?parent=294"}],"wp:term":[{"taxonomy":"category","embeddable":true,"href":"https:\/\/sintradeua.org\/co\/wp-json\/wp\/v2\/categories?post=294"},{"taxonomy":"post_tag","embeddable":true,"href":"https:\/\/sintradeua.org\/co\/wp-json\/wp\/v2\/tags?post=294"}],"curies":[{"name":"wp","href":"https:\/\/api.w.org\/{rel}","templated":true}]}}