{"id":286,"date":"2015-08-15T04:53:00","date_gmt":"2015-08-15T10:53:00","guid":{"rendered":"http:\/\/www.sintradeua.org\/home\/?p=286"},"modified":"2015-08-17T15:01:01","modified_gmt":"2015-08-17T21:01:01","slug":"rafaela-vos-obeso-nueva-rectora-encargada-de-la-universidad-del-atlantico","status":"publish","type":"post","link":"https:\/\/sintradeua.org\/co\/rafaela-vos-obeso-nueva-rectora-encargada-de-la-universidad-del-atlantico\/","title":{"rendered":"Rafaela Vos Obeso, nueva rectora encargada de la Universidad del Atlantico"},"content":{"rendered":"<p><img data-recalc-dims=\"1\" loading=\"lazy\" decoding=\"async\" class=\" alignleft\" src=\"https:\/\/i0.wp.com\/www.zonacero.info\/images\/stories\/Atlantico\/2015\/Agosto\/Semana2\/Rafaela_Vos_Obeso.jpg?resize=328%2C246\" alt=\"Rafaela Vos Obeso\" width=\"328\" height=\"246\" \/><\/p>\n<p>La nueva rectora gan\u00f3 la postulaci\u00f3n con 7 votos a favor y 2 en contra que dieron la salida a Rafael Castillo.\u00a0<\/p>\n<p>En un candente debate que se llev\u00f3 a cabo este viernes desde las 3:00 p.m. en la Gobernaci\u00f3n del Atl\u00e1ntico, Rafaela Vos Obeso fue designada rectora encargada de la Universidad del Atl\u00e1ntico.\u00a0<!--more--><\/p>\n<p>El encuentro del Consejo Superior de la Universidad, en el que se llev\u00f3 a cabo la votaci\u00f3n, dio para todo. Tanto as\u00ed que, en un momento de desesperaci\u00f3n durante el receso, <a href=\"http:\/\/zonacero.info\/atlantico\/48-atlantico-3\/73362-cuestionan-a-2-consejeros-de-uniatl%C3%A1ntico-y-se-enredan-decisiones\">el representante estudiantil M\u00e1ximo Rivero Rosales \u00a0decidi\u00f3 desnudarse en se\u00f1al de protesta <\/a>por el inminente cambio de rector, aduciendo falta de garant\u00edas y el atropello a todas las normas legales.\u00a0<\/p>\n<p>En el transcurso de la tarde, las decisiones en el seno del Consejo Superior de la Uniatl\u00e1ntico, encabezado por la Viceministra de Educaci\u00f3n Superior, Natalia Ariza Ram\u00edres y el Gobernador Jos\u00e9 Antonio Segebre, \u00a0se hab\u00edan enredado a\u00fan m\u00e1s, pues hubo serios reparos en la escogencia de C\u00e9sar Lorduy como representante del sector productivo.\u00a0<\/p>\n<p>En este sentido fue planteado el hecho de que Lorduy fue escogido por 5 de los 12 integrantes del Comit\u00e9 Intergremial e Interempresarial del Atl\u00e1ntico, violando los propios estatutos de esta entidad, que se\u00f1ala que para que una elecci\u00f3n sea v\u00e1lida debe darse la mitad m\u00e1s uno de los votos, es decir 7 y no 5 como se hizo, lo que ilegitimar\u00eda su designaci\u00f3n.<\/p>\n<p>Adicionalmente, fue cuestionada la actuaci\u00f3n de la representante de las directivas acad\u00e9micas, Clara Fay Vargas Lascarro, quien funge como Decana de la Facultad de Qu\u00edmica y Farmacia.\u00a0En la reuni\u00f3n fueron advertidos los 7 procesos disciplinarios que cursan en contra de la funcionaria, lo que le restar\u00eda legitimidad para actuar en el Consejo Superior.<\/p>\n<p>Estos dos hechos generaron una discusi\u00f3n que finalmente condujo a un receso para evaluar la situaci\u00f3n y tomar las decisiones del caso.<\/p>\n<p>Pero finalmente lleg\u00f3 el momento de la votaci\u00f3n y, tras el retiro de Rafael Castillo, fueron postuladas dos personas: Rafaela Vos Obeso y Numas Armando Gil, siendo la primera elegida como rectora encargada. Parad\u00f3jicamente, Rafaela Vos hab\u00eda sido retirada de la Vicerrector\u00eda de Investigaciones con la llegada de Rafael Castillo y ahora le toca a ella reemplazarlo a \u00e9l.\u00a0<\/p>\n<p><strong>Qui\u00e9n es la nueva rectora encargada<\/strong><\/p>\n<p>Vos Obeso se gradu\u00f3 de Sociolog\u00eda en la d\u00e9cada del 70 y cuenta con dos formaciones en maestr\u00eda: una en Historia, en la Universidad Nacional, y otra en Ciencias Pol\u00edticas en la Universidad Nacional Aut\u00f3noma de M\u00e9xico.\u00a0<\/p>\n<p>Se desempe\u00f1\u00f3 como vicerrectora de investigaciones durante la administraci\u00f3n de Ana Sof\u00eda Meza en la Universidad del Atl\u00e1ntico, pero con el ingreso del rector Castillo, Rafaela Vos hab\u00eda sido retirada.\u00a0<\/p>\n<p>La nueva rectora encargada ha desempe\u00f1ado sus l\u00edneas de investigaci\u00f3n en el campo acad\u00e9mico en temas de Mujer, G\u00e9nero y Cultura, participaci\u00f3n ciudadana, historia, investigaci\u00f3n y desarrollo.\u00a0<\/p>\n<p>Ha sido galardonada con el premio Mujer Cafam de la Costa Atl\u00e1ntica por esta Caja de Compensaci\u00f3n Familiar, tambi\u00e9n ha recibido m\u00faltiples menciones de honor y meritorias por su sobresaliente desempe\u00f1o en la academia.\u00a0<\/p>\n","protected":false},"excerpt":{"rendered":"<p>La nueva rectora gan\u00f3 la postulaci\u00f3n con 7 votos a favor y 2 en contra que dieron la salida a Rafael Castillo.\u00a0 En un candente debate que se llev\u00f3 a cabo este viernes desde las 3:00 p.m. en la Gobernaci\u00f3n del Atl\u00e1ntico, Rafaela Vos Obeso fue designada rectora encargada de la Universidad del Atl\u00e1ntico.\u00a0<\/p>\n","protected":false},"author":2,"featured_media":0,"comment_status":"open","ping_status":"open","sticky":false,"template":"","format":"standard","meta":{"advanced_seo_description":"","jetpack_seo_html_title":"","jetpack_seo_noindex":false,"jetpack_post_was_ever_published":false,"_jetpack_newsletter_access":"","_jetpack_dont_email_post_to_subs":false,"_jetpack_newsletter_tier_id":0,"_jetpack_memberships_contains_paywalled_content":false,"_jetpack_memberships_contains_paid_content":false,"footnotes":"","jetpack_publicize_message":"","jetpack_publicize_feature_enabled":true,"jetpack_social_post_already_shared":true,"jetpack_social_options":{"image_generator_settings":{"template":"highway","default_image_id":0,"font":"","enabled":false},"version":2}},"categories":[2],"tags":[],"class_list":["post-286","post","type-post","status-publish","format-standard","hentry","category-noticias"],"jetpack_publicize_connections":[],"jetpack_featured_media_url":"","jetpack_sharing_enabled":true,"jetpack_shortlink":"https:\/\/wp.me\/paSj5R-4C","_links":{"self":[{"href":"https:\/\/sintradeua.org\/co\/wp-json\/wp\/v2\/posts\/286","targetHints":{"allow":["GET"]}}],"collection":[{"href":"https:\/\/sintradeua.org\/co\/wp-json\/wp\/v2\/posts"}],"about":[{"href":"https:\/\/sintradeua.org\/co\/wp-json\/wp\/v2\/types\/post"}],"author":[{"embeddable":true,"href":"https:\/\/sintradeua.org\/co\/wp-json\/wp\/v2\/users\/2"}],"replies":[{"embeddable":true,"href":"https:\/\/sintradeua.org\/co\/wp-json\/wp\/v2\/comments?post=286"}],"version-history":[{"count":0,"href":"https:\/\/sintradeua.org\/co\/wp-json\/wp\/v2\/posts\/286\/revisions"}],"wp:attachment":[{"href":"https:\/\/sintradeua.org\/co\/wp-json\/wp\/v2\/media?parent=286"}],"wp:term":[{"taxonomy":"category","embeddable":true,"href":"https:\/\/sintradeua.org\/co\/wp-json\/wp\/v2\/categories?post=286"},{"taxonomy":"post_tag","embeddable":true,"href":"https:\/\/sintradeua.org\/co\/wp-json\/wp\/v2\/tags?post=286"}],"curies":[{"name":"wp","href":"https:\/\/api.w.org\/{rel}","templated":true}]}}