{"id":2639,"date":"2016-08-26T19:00:53","date_gmt":"2016-08-27T00:00:53","guid":{"rendered":"http:\/\/www.sintradeua.org\/home\/?p=2639"},"modified":"2016-08-26T19:01:55","modified_gmt":"2016-08-27T00:01:55","slug":"mejor-hablar-de-amor-11","status":"publish","type":"post","link":"https:\/\/sintradeua.org\/co\/mejor-hablar-de-amor-11\/","title":{"rendered":"MEJOR HABLAR DE AMOR."},"content":{"rendered":"<p style=\"text-align: justify;\"><img data-recalc-dims=\"1\" decoding=\"async\" src=\"https:\/\/i0.wp.com\/static.pulzo.com\/styles\/pulzo2_normal\/public\/logo_viva_colombia.jpg?w=640\" alt=\"Resultado de imagen para AMEMOS A COLOMBIA\" \/><\/p>\n<p style=\"text-align: justify;\">POR GASPAR HERNANDEZ CAAMA\u00d1O<\/p>\n<p style=\"text-align: justify;\"><strong>AMAMOS A ESTE\u00a0PA\u00cdS, COLOMBIANOS?<\/strong><\/p>\n<p style=\"text-align: justify;\">Somos nativos de este pa\u00eds con cordilleras, oc\u00e9anos, r\u00edos caudalosos, de llanuras fruct\u00edferas, de minas y hasta de desiertos, selvas y paramos. De ciudades y fiestas patrimonios de la humanidad. Somos un pa\u00eds de\u00a0 culturas unidas. Pero al parecer preferimos seguir siendo un pa\u00eds en guerra.\u00a0 Que ayer nos armamos por una vaca y hoy, llenamos plazas para aplaudir una falacia.<!--more--><\/p>\n<p style=\"text-align: justify;\">Definitivamente me pregunto: los colombianos amamos a este pa\u00eds maravilloso. Tan real como m\u00e1gico. Tenemos derechos de confrontarnos por ideol\u00f3gicas o personajes que la tienen unas p\u00e1ginas en la historia de la tragedia nacional? Por qu\u00e9 nos dividimos si podemos convivir, entre las diferencias y entre las semejanzas. Por qu\u00e9 ambicionamos ser fan\u00e1ticos si solo tenemos una sola bandera: la tricolor nacional.<\/p>\n<p style=\"text-align: justify;\">Aprend\u00ed de La Biblia hebrea y tambi\u00e9n de la de Lutero que dividir es reinar. Entonces qu\u00e9 hacer? Todos, padres y escuelas y medios de comunicaci\u00f3n, tenemos una obligaci\u00f3n inaplazable: EDUCAR O REEDUCAR a toda una poblaci\u00f3n v\u00edctima de un conflicto interminable. Recomiendo leer a Sim\u00f3n Bol\u00edvar en sus proclamas. El no guerreo para dividir, sino para hermanar a cinco naciones unidas por la misma naturaleza y la misma lengua.<\/p>\n<p style=\"text-align: justify;\">La Patria es un vocablo militar; El Estado es una entelequia pol\u00edtica. Pero la palabra PA\u00cdS expresa territorio, hermandad. Por eso es absurdo que los hijos de la misma tierra, los mismos cielos y mares, est\u00e9n constantemente pele\u00e1ndose. Y menos en un pa\u00eds tan basto como el de nosotros. Por eso olvid\u00e9monos de milagros de santos a caballos y am\u00e9monos como hermanos. Diferentes s\u00ed, pero todos colombianos. Debemos aprender a vivir en paz. Cuatro generaciones de colombianos no sabemos que es un abrazo sin pu\u00f1alada \u00abtrapera\u00bb, con sangre o con ofensas. Aprendamos a vivir en paz.<\/p>\n","protected":false},"excerpt":{"rendered":"<p>POR GASPAR HERNANDEZ CAAMA\u00d1O AMAMOS A ESTE\u00a0PA\u00cdS, COLOMBIANOS? Somos nativos de este pa\u00eds con cordilleras, oc\u00e9anos, r\u00edos caudalosos, de llanuras fruct\u00edferas, de minas y hasta de desiertos, selvas y paramos. De ciudades y fiestas patrimonios de la humanidad. Somos un pa\u00eds de\u00a0 culturas unidas. Pero al parecer preferimos seguir siendo un pa\u00eds en guerra.\u00a0 Que&#8230;<\/p>\n","protected":false},"author":2,"featured_media":2641,"comment_status":"open","ping_status":"open","sticky":false,"template":"","format":"standard","meta":{"advanced_seo_description":"","jetpack_seo_html_title":"","jetpack_seo_noindex":false,"jetpack_post_was_ever_published":false,"_jetpack_newsletter_access":"","_jetpack_dont_email_post_to_subs":false,"_jetpack_newsletter_tier_id":0,"_jetpack_memberships_contains_paywalled_content":false,"_jetpack_memberships_contains_paid_content":false,"footnotes":"","jetpack_publicize_message":"","jetpack_publicize_feature_enabled":true,"jetpack_social_post_already_shared":true,"jetpack_social_options":{"image_generator_settings":{"template":"highway","default_image_id":0,"font":"","enabled":false},"version":2}},"categories":[2],"tags":[],"class_list":["post-2639","post","type-post","status-publish","format-standard","has-post-thumbnail","hentry","category-noticias"],"jetpack_publicize_connections":[],"jetpack_featured_media_url":"https:\/\/i0.wp.com\/sintradeua.org\/co\/wp-content\/uploads\/2016\/08\/VIVA.jpg?fit=914%2C607&ssl=1","jetpack_sharing_enabled":true,"jetpack_shortlink":"https:\/\/wp.me\/paSj5R-Gz","_links":{"self":[{"href":"https:\/\/sintradeua.org\/co\/wp-json\/wp\/v2\/posts\/2639","targetHints":{"allow":["GET"]}}],"collection":[{"href":"https:\/\/sintradeua.org\/co\/wp-json\/wp\/v2\/posts"}],"about":[{"href":"https:\/\/sintradeua.org\/co\/wp-json\/wp\/v2\/types\/post"}],"author":[{"embeddable":true,"href":"https:\/\/sintradeua.org\/co\/wp-json\/wp\/v2\/users\/2"}],"replies":[{"embeddable":true,"href":"https:\/\/sintradeua.org\/co\/wp-json\/wp\/v2\/comments?post=2639"}],"version-history":[{"count":1,"href":"https:\/\/sintradeua.org\/co\/wp-json\/wp\/v2\/posts\/2639\/revisions"}],"predecessor-version":[{"id":2640,"href":"https:\/\/sintradeua.org\/co\/wp-json\/wp\/v2\/posts\/2639\/revisions\/2640"}],"wp:featuredmedia":[{"embeddable":true,"href":"https:\/\/sintradeua.org\/co\/wp-json\/wp\/v2\/media\/2641"}],"wp:attachment":[{"href":"https:\/\/sintradeua.org\/co\/wp-json\/wp\/v2\/media?parent=2639"}],"wp:term":[{"taxonomy":"category","embeddable":true,"href":"https:\/\/sintradeua.org\/co\/wp-json\/wp\/v2\/categories?post=2639"},{"taxonomy":"post_tag","embeddable":true,"href":"https:\/\/sintradeua.org\/co\/wp-json\/wp\/v2\/tags?post=2639"}],"curies":[{"name":"wp","href":"https:\/\/api.w.org\/{rel}","templated":true}]}}