{"id":2380,"date":"2016-07-15T10:35:44","date_gmt":"2016-07-15T15:35:44","guid":{"rendered":"https:\/\/www.sintradeua.org\/home\/?p=2380"},"modified":"2016-07-15T10:35:44","modified_gmt":"2016-07-15T15:35:44","slug":"incapacidad-no-se-puede-dejar-de-pagar-corte-constitucional","status":"publish","type":"post","link":"https:\/\/sintradeua.org\/co\/incapacidad-no-se-puede-dejar-de-pagar-corte-constitucional\/","title":{"rendered":"Incapacidad no se puede dejar de pagar: Corte Constitucional"},"content":{"rendered":"<h2 style=\"text-align: justify;\"><img data-recalc-dims=\"1\" loading=\"lazy\" decoding=\"async\" data-attachment-id=\"2185\" data-permalink=\"https:\/\/sintradeua.org\/co\/corte-constitucional-pide-que-corte-suprema-incorpore-jurisprudencia-sobre-computo-de-semanas-no-cotizadas\/attachment\/5\/\" data-orig-file=\"https:\/\/i0.wp.com\/sintradeua.org\/co\/wp-content\/uploads\/2016\/06\/5.jpg?fit=1024%2C682&amp;ssl=1\" data-orig-size=\"1024,682\" data-comments-opened=\"1\" data-image-meta=\"{&quot;aperture&quot;:&quot;0&quot;,&quot;credit&quot;:&quot;Picasa&quot;,&quot;camera&quot;:&quot;&quot;,&quot;caption&quot;:&quot;&quot;,&quot;created_timestamp&quot;:&quot;1336816546&quot;,&quot;copyright&quot;:&quot;&quot;,&quot;focal_length&quot;:&quot;0&quot;,&quot;iso&quot;:&quot;0&quot;,&quot;shutter_speed&quot;:&quot;0&quot;,&quot;title&quot;:&quot;&quot;,&quot;orientation&quot;:&quot;0&quot;}\" data-image-title=\"5\" data-image-description=\"\" data-image-caption=\"\" data-large-file=\"https:\/\/i0.wp.com\/sintradeua.org\/co\/wp-content\/uploads\/2016\/06\/5.jpg?fit=640%2C426&amp;ssl=1\" class=\"alignnone size-medium wp-image-2185\" src=\"https:\/\/i0.wp.com\/www.sintradeua.org\/co\/wp-content\/uploads\/2016\/06\/5-300x200.jpg?resize=300%2C200&#038;ssl=1\" alt=\"5\" width=\"300\" height=\"200\" srcset=\"https:\/\/i0.wp.com\/sintradeua.org\/co\/wp-content\/uploads\/2016\/06\/5.jpg?resize=300%2C200&amp;ssl=1 300w, https:\/\/i0.wp.com\/sintradeua.org\/co\/wp-content\/uploads\/2016\/06\/5.jpg?resize=800%2C533&amp;ssl=1 800w, https:\/\/i0.wp.com\/sintradeua.org\/co\/wp-content\/uploads\/2016\/06\/5.jpg?w=1024&amp;ssl=1 1024w\" sizes=\"auto, (max-width: 300px) 100vw, 300px\" \/><\/h2>\n<h2 style=\"text-align: justify;\">Se\u00f1alan que empresas de seguridad social deben asumir sin excusas el pago de estas prestaciones.<\/h2>\n<p style=\"text-align: justify;\">Las incapacidades a los trabajadores no se pueden dejar de pagar por las discusiones entre empresas, EPS, administradoras de riesgos profesionales y fondos de pensiones sobre qui\u00e9n las debe asumir.<!--more--><\/p>\n<p>La Corte Constitucional <strong>orden\u00f3 pagar, en un plazo de 4 d\u00edas, las incapacidades que se dejaron de cancelar a dos trabajadores que durante meses se quedaron sin ingresos<\/strong> para vivir por cuenta de las disputas entre las empresas responsables de su seguridad social.<\/p>\n<p>Uno de los casos est\u00e1 relacionado con un guarda de seguridad que fue diagnosticado entre otras enfermedades de un trastorno neurol\u00f3gico que le generaba un debilitamiento progresivo y la alteraci\u00f3n de la funci\u00f3n de piernas y brazos.<\/p>\n<p><strong>El hombre recibi\u00f3 incapacidades hasta el 19 de diciembre del 2014, pero luego la EPS Cruz Blanca no le expidi\u00f3 m\u00e1s por haber superado el l\u00edmite de 180 d\u00edas y lo remiti\u00f3 al Fondo de Pensiones Porvenir<\/strong>, que tambi\u00e9n se neg\u00f3 porque el trabajador no cumpl\u00eda con el porcentaje de invalidez para la pensi\u00f3n. La aseguradora tampoco asumi\u00f3 porque la EPS no orden\u00f3 iniciar el proceso de rehabilitaci\u00f3n.<\/p>\n<p>El 3 de marzo del 2016, m\u00e1s de un a\u00f1o despu\u00e9s de que se suspendiera el pago de las incapacidades, la Junta Nacional de Calificaci\u00f3n de Invalidez<strong>certific\u00f3 que el trabajador ten\u00eda derecho a su pensi\u00f3n, porque ten\u00eda una p\u00e9rdida de su capacidad del 78,85 por ciento.<\/strong><\/p>\n<p>La Corte se\u00f1ala que hay una \u201cgran cantidad de casos similares\u201d y que aunque las EPS no est\u00e9n obligadas a pagar incapacidades superiores a 180 d\u00edas, \u201cno las exime del deber de acompa\u00f1amiento al afiliado en el cobro de las prestaciones econ\u00f3micas que superen este t\u00e9rmino ante las Administradoras de Fondos de Pensiones\u201d.<\/p>\n<p>El otro caso fallado tambi\u00e9n a favor del tutelante es el de <strong>un obrero de la construcci\u00f3n que tuvo un accidente laboral en septiembre del 2014 y a quien su empresa se neg\u00f3 a pagar la incapacidad de 180 d\u00edas argumentando que le correspond\u00eda a la Administradora de Riesgos Laborales<\/strong>.<\/p>\n<p>En este caso, la Corte orden\u00f3 a la EPS Coomeva pagar hasta por 180 d\u00edas y el resto a la administradora de pensiones.<\/p>\n","protected":false},"excerpt":{"rendered":"<p>Se\u00f1alan que empresas de seguridad social deben asumir sin excusas el pago de estas prestaciones. Las incapacidades a los trabajadores no se pueden dejar de pagar por las discusiones entre empresas, EPS, administradoras de riesgos profesionales y fondos de pensiones sobre qui\u00e9n las debe asumir.<\/p>\n","protected":false},"author":2,"featured_media":2185,"comment_status":"open","ping_status":"open","sticky":false,"template":"","format":"standard","meta":{"advanced_seo_description":"","jetpack_seo_html_title":"","jetpack_seo_noindex":false,"jetpack_post_was_ever_published":false,"_jetpack_newsletter_access":"","_jetpack_dont_email_post_to_subs":false,"_jetpack_newsletter_tier_id":0,"_jetpack_memberships_contains_paywalled_content":false,"_jetpack_memberships_contains_paid_content":false,"footnotes":"","jetpack_publicize_message":"","jetpack_publicize_feature_enabled":true,"jetpack_social_post_already_shared":true,"jetpack_social_options":{"image_generator_settings":{"template":"highway","default_image_id":0,"font":"","enabled":false},"version":2}},"categories":[2],"tags":[],"class_list":["post-2380","post","type-post","status-publish","format-standard","has-post-thumbnail","hentry","category-noticias"],"jetpack_publicize_connections":[],"jetpack_featured_media_url":"https:\/\/i0.wp.com\/sintradeua.org\/co\/wp-content\/uploads\/2016\/06\/5.jpg?fit=1024%2C682&ssl=1","jetpack_sharing_enabled":true,"jetpack_shortlink":"https:\/\/wp.me\/paSj5R-Co","_links":{"self":[{"href":"https:\/\/sintradeua.org\/co\/wp-json\/wp\/v2\/posts\/2380","targetHints":{"allow":["GET"]}}],"collection":[{"href":"https:\/\/sintradeua.org\/co\/wp-json\/wp\/v2\/posts"}],"about":[{"href":"https:\/\/sintradeua.org\/co\/wp-json\/wp\/v2\/types\/post"}],"author":[{"embeddable":true,"href":"https:\/\/sintradeua.org\/co\/wp-json\/wp\/v2\/users\/2"}],"replies":[{"embeddable":true,"href":"https:\/\/sintradeua.org\/co\/wp-json\/wp\/v2\/comments?post=2380"}],"version-history":[{"count":0,"href":"https:\/\/sintradeua.org\/co\/wp-json\/wp\/v2\/posts\/2380\/revisions"}],"wp:featuredmedia":[{"embeddable":true,"href":"https:\/\/sintradeua.org\/co\/wp-json\/wp\/v2\/media\/2185"}],"wp:attachment":[{"href":"https:\/\/sintradeua.org\/co\/wp-json\/wp\/v2\/media?parent=2380"}],"wp:term":[{"taxonomy":"category","embeddable":true,"href":"https:\/\/sintradeua.org\/co\/wp-json\/wp\/v2\/categories?post=2380"},{"taxonomy":"post_tag","embeddable":true,"href":"https:\/\/sintradeua.org\/co\/wp-json\/wp\/v2\/tags?post=2380"}],"curies":[{"name":"wp","href":"https:\/\/api.w.org\/{rel}","templated":true}]}}