{"id":2368,"date":"2016-07-13T13:44:55","date_gmt":"2016-07-13T18:44:55","guid":{"rendered":"http:\/\/www.sintradeua.org\/home\/?p=2368"},"modified":"2016-07-13T19:14:30","modified_gmt":"2016-07-14T00:14:30","slug":"la-millonaria-publicidad-para-volver-ser-pilo-paga-el-programa-estrella-de-gina-parody","status":"publish","type":"post","link":"https:\/\/sintradeua.org\/co\/la-millonaria-publicidad-para-volver-ser-pilo-paga-el-programa-estrella-de-gina-parody\/","title":{"rendered":"La millonaria publicidad para volver \u2018Ser Pilo paga\u2019 el programa estrella de Gina Parody"},"content":{"rendered":"<p style=\"text-align: justify;\">Entre dos agencias de publicidad y siete medios de comunicaci\u00f3n se han ido m\u00e1s de $9.000 millones para divulgar el programa \u00bfQui\u00e9nes fueron los escogidos?<\/p>\n<p style=\"text-align: justify;\"><img data-recalc-dims=\"1\" decoding=\"async\" class=\"\" src=\"https:\/\/i0.wp.com\/www.las2orillas.co\/wp-content\/uploads\/2016\/07\/Parody-medios-ser-pilo.jpg?w=640\" alt=\"La millonaria publicidad para volver \u2018Ser Pilo paga\u2019 el programa estrella de Gina Parody\" \/><\/p>\n<p style=\"text-align: justify;\"><span style=\"color: #000000;\">Por: <a style=\"color: #000000;\" title=\"Entradas de Las2orillas\" href=\"http:\/\/www.las2orillas.co\/author\/2orillas\/\" rel=\"author\">Las2orillas<\/a> <span class=\"hidden-xs hidden-sm\">| <\/span><span class=\"meta-time\">julio 05, 2016<\/span><\/span><\/p>\n<p style=\"text-align: justify;\">Gina Parody concentr\u00f3 todos sus esfuerzos en convertir el programa <em>Ser Pilo Paga<\/em> en su bandera en el Ministerio de Educaci\u00f3n. La iniciativa que ech\u00f3 a andar reci\u00e9n llegada al cargo en agosto de 2014 busca que los estudiantes de bajos recursos y con los mejores resultados en los ex\u00e1menes de Estado puedan estudiar una carrera profesional en la universidad que escojan y con apoyo econ\u00f3mico del gobierno nacional. Con ese \u00e1nimo de darle una amplia divulgaci\u00f3n al programa para que este pudiera llegar a todas las regiones del pa\u00eds la ministra Parody se inclin\u00f3 por hacer una importante inversi\u00f3n en publicidad y divulgaci\u00f3n en medios de comunicaci\u00f3n, pero a trav\u00e9s de agencias de medios con importantes contratos con este fin.<\/p>\n<div class=\"code-block code-block-2\" style=\"text-align: justify;\">\u00a0El m\u00e1s reciente convenio con una agencia de medios para la divulgaci\u00f3n del programa estrella del ministerio fue el <a href=\"https:\/\/www.contratos.gov.co\/consultas\/detalleProceso.do?numConstancia=16-1-155187\" target=\"_blank\">n\u00famero 909-2016<\/a> firmado el pasado 25 de abril por el secretario privado del ministerio William Mendieta y Mario Roque R\u00edos, representante legal de la agencia Century Media. El costo del contrato fue $4.479\u00a0 millones con una vigencia de seis meses con el objeto de <em>\u2018\u2019Prestar el servicio integral en comunicaciones para la producci\u00f3n y divulgaci\u00f3n de campa\u00f1as de comunicaci\u00f3n y divulgaci\u00f3n de campa\u00f1as de comunicaci\u00f3n y movilizaci\u00f3n necesarias para el desarrollo de las estrategias de comunicaci\u00f3n orientadas a la divulgaci\u00f3n de la \u201cPol\u00edtica educativa de calidad coherente con la agenda social que busca un pa\u00eds en paz, equitativo y educado\u201d<\/em><\/div>\n<div class=\"code-block code-block-5\" style=\"text-align: justify;\">\u00a0La din\u00e1mica de estos contratos consiste en que el ministerio paga un valor global, en este caso los $4.479 millones, de los cuales la agencia hace uso para repartir en diferentes medios de comunicaci\u00f3n qued\u00e1ndose con una comisi\u00f3n por la intermediaci\u00f3n. De acuerdo al <a href=\"http:\/\/www.universidad.edu.co\/index.php?option=com_content&amp;view=article&amp;id=6978:2016-06-13-12-24-55&amp;catid=16:noticias&amp;Itemid=198\" target=\"_blank\">Observatorio de la Universidad Colombiana<\/a>, los medios m\u00e1s favorecidos para transmitir las pautas del ministerio de Educaci\u00f3n fueron los dos canales de televisi\u00f3n privada: Caracol TV obtuvo $300\u2019217.590 en pauta oficial mientras que RCN TV y $254\u2019335.090 y el noticiero CM&amp; con $146 millones.<\/div>\n<p style=\"text-align: justify;\"><!--more--><\/p>\n<p style=\"text-align: justify;\">Las emisoras de radio se quedaron con el segundo paquete as\u00ed: Caracol Radio: $78 millones; W Radio: $48\u2019664.025; Blu Radio: $20\u2019243.900 y RCN Radio: $93\u2019347.019.<\/p>\n<p style=\"text-align: justify;\">Otro contrato con millonarios rubros para la divulgaci\u00f3n de los asuntos del Ministerio de Educaci\u00f3n es el n\u00famero 0895 de 2015. Se trata de un documento con el que se contrat\u00f3 a Mccann Erickson Corporation S.A. desde el 22 de junio de 2015 al 30 de diciembre del mismo a\u00f1o, por un monto de 4.703 millones de pesos ($4.703.271.000) para servicios de producci\u00f3n y divulgaci\u00f3n de campa\u00f1as de comunicaci\u00f3n y movilizaci\u00f3n necesarias para el Min Educaci\u00f3n.<\/p>\n<p style=\"text-align: justify;\">El documento, de 24 p\u00e1ginas, lo suscriben por el ministerio William Libardo Mendieta Montealegre como Secretario General y Helena Guti\u00e9rrez Botero como representante legal de Mccann Erickson. Y en una de sus clausula se lee: \u201c<em>Servicios de Agencia de Medios: Se realizar\u00e1n pagos por valor de las acciones ejecutadas previa presentaci\u00f3n de las facturas en la cual se reconocer\u00e1 el porcentaje\u00a0 de intermediaci\u00f3n de\u00a0 la agencia de medios por concepto de: compra de espacios en medios masivos de comunicaci\u00f3n (televisi\u00f3n, radio, prensa, revistas, internet y medias\u00a0 no tradicionales) para la pauta de las campa\u00f1as institucionales de conformidad con el anexo t\u00e9cnico<\/em>\u201d<\/p>\n<p style=\"text-align: justify;\">\u00a0<\/p>\n","protected":false},"excerpt":{"rendered":"<p>Entre dos agencias de publicidad y siete medios de comunicaci\u00f3n se han ido m\u00e1s de $9.000 millones para divulgar el programa \u00bfQui\u00e9nes fueron los escogidos? Por: Las2orillas | julio 05, 2016 Gina Parody concentr\u00f3 todos sus esfuerzos en convertir el programa Ser Pilo Paga en su bandera en el Ministerio de Educaci\u00f3n. La iniciativa que&#8230;<\/p>\n","protected":false},"author":2,"featured_media":2371,"comment_status":"open","ping_status":"open","sticky":false,"template":"","format":"standard","meta":{"advanced_seo_description":"","jetpack_seo_html_title":"","jetpack_seo_noindex":false,"jetpack_post_was_ever_published":false,"_jetpack_newsletter_access":"","_jetpack_dont_email_post_to_subs":false,"_jetpack_newsletter_tier_id":0,"_jetpack_memberships_contains_paywalled_content":false,"_jetpack_memberships_contains_paid_content":false,"footnotes":"","jetpack_publicize_message":"","jetpack_publicize_feature_enabled":true,"jetpack_social_post_already_shared":true,"jetpack_social_options":{"image_generator_settings":{"template":"highway","default_image_id":0,"font":"","enabled":false},"version":2}},"categories":[2],"tags":[],"class_list":["post-2368","post","type-post","status-publish","format-standard","has-post-thumbnail","hentry","category-noticias"],"jetpack_publicize_connections":[],"jetpack_featured_media_url":"https:\/\/i0.wp.com\/sintradeua.org\/co\/wp-content\/uploads\/2016\/07\/pp.jpg?fit=700%2C500&ssl=1","jetpack_sharing_enabled":true,"jetpack_shortlink":"https:\/\/wp.me\/paSj5R-Cc","_links":{"self":[{"href":"https:\/\/sintradeua.org\/co\/wp-json\/wp\/v2\/posts\/2368","targetHints":{"allow":["GET"]}}],"collection":[{"href":"https:\/\/sintradeua.org\/co\/wp-json\/wp\/v2\/posts"}],"about":[{"href":"https:\/\/sintradeua.org\/co\/wp-json\/wp\/v2\/types\/post"}],"author":[{"embeddable":true,"href":"https:\/\/sintradeua.org\/co\/wp-json\/wp\/v2\/users\/2"}],"replies":[{"embeddable":true,"href":"https:\/\/sintradeua.org\/co\/wp-json\/wp\/v2\/comments?post=2368"}],"version-history":[{"count":0,"href":"https:\/\/sintradeua.org\/co\/wp-json\/wp\/v2\/posts\/2368\/revisions"}],"wp:featuredmedia":[{"embeddable":true,"href":"https:\/\/sintradeua.org\/co\/wp-json\/wp\/v2\/media\/2371"}],"wp:attachment":[{"href":"https:\/\/sintradeua.org\/co\/wp-json\/wp\/v2\/media?parent=2368"}],"wp:term":[{"taxonomy":"category","embeddable":true,"href":"https:\/\/sintradeua.org\/co\/wp-json\/wp\/v2\/categories?post=2368"},{"taxonomy":"post_tag","embeddable":true,"href":"https:\/\/sintradeua.org\/co\/wp-json\/wp\/v2\/tags?post=2368"}],"curies":[{"name":"wp","href":"https:\/\/api.w.org\/{rel}","templated":true}]}}