{"id":2316,"date":"2016-07-11T13:25:52","date_gmt":"2016-07-11T18:25:52","guid":{"rendered":"http:\/\/www.sintradeua.org\/home\/?p=2316"},"modified":"2016-07-11T17:11:05","modified_gmt":"2016-07-11T22:11:05","slug":"ministerio-de-educacion-cerro-tres-programas-en-la-universidad-del-atlantico","status":"publish","type":"post","link":"https:\/\/sintradeua.org\/co\/ministerio-de-educacion-cerro-tres-programas-en-la-universidad-del-atlantico\/","title":{"rendered":"Ministerio de Educaci\u00f3n cerr\u00f3 tres programas en la Universidad del Atl\u00e1ntico"},"content":{"rendered":"<p style=\"text-align: justify;\"><img data-recalc-dims=\"1\" loading=\"lazy\" decoding=\"async\" data-attachment-id=\"2148\" data-permalink=\"https:\/\/sintradeua.org\/co\/el-ministerio-no-va-a-girar-ningun-recurso-para-la-ua-del-sur\/gina-parody\/\" data-orig-file=\"https:\/\/i0.wp.com\/sintradeua.org\/co\/wp-content\/uploads\/2016\/06\/Gina-Parody.jpg?fit=580%2C435&amp;ssl=1\" data-orig-size=\"580,435\" data-comments-opened=\"1\" data-image-meta=\"{&quot;aperture&quot;:&quot;0&quot;,&quot;credit&quot;:&quot;&quot;,&quot;camera&quot;:&quot;&quot;,&quot;caption&quot;:&quot;&quot;,&quot;created_timestamp&quot;:&quot;0&quot;,&quot;copyright&quot;:&quot;&quot;,&quot;focal_length&quot;:&quot;0&quot;,&quot;iso&quot;:&quot;0&quot;,&quot;shutter_speed&quot;:&quot;0&quot;,&quot;title&quot;:&quot;&quot;,&quot;orientation&quot;:&quot;1&quot;}\" data-image-title=\"Gina-Parody\" data-image-description=\"\" data-image-caption=\"\" data-large-file=\"https:\/\/i0.wp.com\/sintradeua.org\/co\/wp-content\/uploads\/2016\/06\/Gina-Parody.jpg?fit=580%2C435&amp;ssl=1\" class=\"alignnone wp-image-2148 size-medium\" title=\"Gina Parody\" src=\"https:\/\/i0.wp.com\/www.sintradeua.org\/co\/wp-content\/uploads\/2016\/06\/Gina-Parody-300x225.jpg?resize=300%2C225\" alt=\"Gina-Parody\" width=\"300\" height=\"225\" srcset=\"https:\/\/i0.wp.com\/sintradeua.org\/co\/wp-content\/uploads\/2016\/06\/Gina-Parody.jpg?resize=300%2C225&amp;ssl=1 300w, https:\/\/i0.wp.com\/sintradeua.org\/co\/wp-content\/uploads\/2016\/06\/Gina-Parody.jpg?resize=320%2C240&amp;ssl=1 320w, https:\/\/i0.wp.com\/sintradeua.org\/co\/wp-content\/uploads\/2016\/06\/Gina-Parody.jpg?w=580&amp;ssl=1 580w\" sizes=\"auto, (max-width: 300px) 100vw, 300px\" \/><\/p>\n<p style=\"text-align: justify;\">El Ministerio de Educaci\u00f3n nacional cerr\u00f3 los Programas Acad\u00e9micos de T\u00e9cnico, Tecn\u00f3logo y Profesional en Operaci\u00f3n Tur\u00edstica en la Universidad del Atl\u00e1ntico, como consecuencia de la falta de atenci\u00f3n por parte de la Administraci\u00f3n de la Universidad a los requerimientos del organismo estatal.<!--more--><\/p>\n<p style=\"text-align: justify;\">Al parecer\u00a0 la Vicerrectora de Docencia \u00a0Clara Fay Vargas, no prest\u00f3 la importancia ni la atenci\u00f3n requerida a la respuesta de un auto del Ministerio de Educaci\u00f3n en el que requer\u00eda ampliaci\u00f3n de informaci\u00f3n sobre las condiciones del programa, seg\u00fan lo manifestado p\u00fablicamente por el \u00a0representante de los profesores en el Consejo Superior de la Universidad del Atl\u00e1ntico, Roberto Figueroa Molina.<\/p>\n<p style=\"text-align: justify;\">\u00a0<\/p>\n<h3 style=\"text-align: justify;\"><em><strong>Las malas noticias no dejan de rondar a la instituci\u00f3n<\/strong><\/em><\/h3>\n<p style=\"text-align: justify;\"><em>Ahora, el desastre recay\u00f3 sobre la oferta acad\u00e9mica del alma mater. Por cuenta de unos decanos, y no por la p\u00e1gina oficial, fui informado que en la pasada sesi\u00f3n del Consejo Acad\u00e9mico y medio de una zambra de acusaciones mutuas y de las consabidas evasi\u00f3n de responsabilidades, la se\u00f1ora Rectora (e) Rafaela Vos Obeso\u00a0comunic\u00f3 que el Ministerio Nacional de Educaci\u00f3n hab\u00eda negado, mediante Resoluci\u00f3n motivada, la Renovaci\u00f3n de los registros calificados de los Programas Acad\u00e9micos de T\u00e9cnico, Tecn\u00f3logo y Profesional en Operaci\u00f3n Tur\u00edstica con siete a\u00f1os de historia en Uniatlantico.<\/em><\/p>\n<p style=\"text-align: justify;\"><em>Nunca antes en la historia de la Universidad del Atl\u00e1ntico el Ministerio de Educaci\u00f3n, le hab\u00eda cerrado unos programas acad\u00e9micos con estudiantes matriculados y profesores laborando. Nunca antes en la historia acad\u00e9mica de la instituci\u00f3n a un Vicerrector de Docencia lo hab\u00edan mancillado cerr\u00e1ndole unos programas que est\u00e1n bajo su responsabilidad; en su creaci\u00f3n, formulaci\u00f3n y defensa, toda vez que estas acciones competen a sus funciones. Lo m\u00e1s denigrante que le puede pasar a un Vicerrector de Docencia, es que en su haber le quede registrado la macula de programas cerrados.<\/em><\/p>\n<p style=\"text-align: justify;\"><em>Pero, por que paso esto?. Frente al vencimiento de los registros calificados de los programas de T\u00e9cnico y Tecn\u00f3logo de Operaci\u00f3n Tur\u00edstica, la Universidad solicit\u00f3 ante el Ministerio de Educaci\u00f3n, la renovaci\u00f3n de los registros calificados. A finales de 2015 el Ministerio solicit\u00f3 mediante auto interlocutorio ampliaci\u00f3n de informaci\u00f3n de una de las condiciones del programa.<\/em><\/p>\n<p style=\"text-align: justify;\"><em>La Vicerrector\u00eda de Docencia no prest\u00f3 la importancia ni la atenci\u00f3n requerida a la respuesta del auto y por la contestaci\u00f3n mediocre presentada, el Ministerio decidi\u00f3 negar el registro. Es necesario recordarle a la Vicerrectora de Docencia Clara Fay Vargas, que es su responsabilidad responder los autos de manera t\u00e9cnica e id\u00f3nea para no exponer la Universidad a situaciones como la que est\u00e1 viviendo ahora, pues, los Coordinadores de Programas no responden autos en la Universidad. No le saque el cuerpo a su responsabilidad Vicerrectora Clara Vargas. No se haga la loca.<\/em><\/p>\n<p style=\"text-align: justify;\"><em>La vicerrector\u00eda de docencia en el mes de marzo de este a\u00f1o, sin tener respuesta del Ministerio sobre los registros calificados de estos programas, autoriz\u00f3 la admisi\u00f3n de estudiantes a los mismos, de tal forma que mediante ex\u00e1menes fueron admitidos estudiantes a unos programas que no se pod\u00edan ofertar y por lo cual el Ministerio de Educaci\u00f3n a trav\u00e9s de su oficina de Inspecci\u00f3n y Vigilancia puede sancionar disciplinariamente a la Universidad.<\/em><\/p>\n<p style=\"text-align: justify;\"><em>Si eso llegara a suceder seria la raz\u00f3n que el Ministerio tomar\u00eda para negar la aprobaci\u00f3n de las Condiciones Iniciales de la Acreditaci\u00f3n Institucional, ya que una Universidad sancionada no puede acreditarse as\u00ed como tampoco abrir nuevos programas en el tiempo que dure la sanci\u00f3n. Todo este embrollo lo creo la ineptitud de la Vicerrectora de Docencia Clara Vargas, que solo se ha dedicado a perseguir y acosar laboralmente a quienes considera enemigos y acolitar a su grupo de copartidarias.<\/em><\/p>\n<p style=\"text-align: justify;\"><em>Pero la Rectora (e) quien no dio a conocer la negativa de los Registros Calificados de los Programas de Operaci\u00f3n Tur\u00edstica por parte del Ministerio de Educaci\u00f3n Nacional, sino que planteo como soluci\u00f3n al problema de los estudiantes admitidos, que se matricularan en los programas diferentes a los negados, recurso que parece absurdo e irracional, pues, atenta contra los principios de independencia, libertad y autonom\u00eda de los alumnos que se sometieron a un examen buscando satisfacer su necesidad de estudio. Igualmente, la Universidad se ver\u00eda abocada a una andanada de demandas que llevar\u00eda al rid\u00edculo total a la actual administraci\u00f3n.<\/em><\/p>\n<p style=\"text-align: justify;\"><em>Pero, quienes responden por todo este da\u00f1o. Inicialmente Clara Fay Vargas Vicerrectora de Docencia cabeza de todos los procesos de creaci\u00f3n, modificaci\u00f3n, renovaci\u00f3n y desistimiento de programas acad\u00e9micos de acuerdo con normalizaci\u00f3n de procesos en la Universidad.<\/em><\/p>\n<p style=\"text-align: justify;\"><em>Graciela Angulo, Directora de Calidad de la Docencia funcionaria que coordina y ejecuta los procesos de registros calificados de los programas acad\u00e9micos.<\/em><\/p>\n<p style=\"text-align: justify;\"><em>Vera Judith Blanco, Decana de la Facultad de Ciencias Econ\u00f3micas, doliente de los programas negados y quien debi\u00f3 velar por el cabal cumplimiento de los procesos acad\u00e9micos y administrativos y no lo hizo.<\/em><\/p>\n<p style=\"text-align: justify;\"><em>Hasta cuando el Consejo Superior y el Ministerio de Educaci\u00f3n permitir\u00e1n tanto desgre\u00f1o en Uniatl\u00e1ntico y se dedicaran a aplicar el control institucional a tantos funcionarios mediocres en Uniatl\u00e1ntico. En el pr\u00f3ximo Superior esperemos que el Ministerio de Educaci\u00f3n y el Gobernador Eduardo Verano de la Rosa, soliciten la renuncia a la Rectora (e) Rafaela Vos Obeso y los cargos de los dem\u00e1s funcionarios implicados en este bochornoso caso.<\/em><\/p>\n<p style=\"text-align: justify;\"><em>Todo lo que est\u00e1 pasando en la Universidad demuestra que la peor administraci\u00f3n de la historia, es la que hoy est\u00e1 dirigiendo los destinos de nuestra instituci\u00f3n. Ineptitud, desconocimiento, improvisaci\u00f3n, impericia y desfachatez son los principios rectores de la gesti\u00f3n de la Universidad en estos momentos. La Universidad va camino al desbarrancadero y el Consejo Superior no se ha dado cuenta de eso. Por favor despierten de este letargo e inconsciente viaje.<\/em><\/p>\n<p style=\"text-align: justify;\"><em>Universitariamente,<\/em><\/p>\n<p style=\"text-align: justify;\">\u00a0<\/p>\n<p style=\"text-align: justify;\">\u00a0<\/p>\n<p style=\"text-align: justify;\"><strong><em>ROBERTO FIGUEROA MOLINA<\/em><\/strong><br \/><em>Representante de los Profesores Consejo Superior<\/em><br \/><em>Universidad del Atl\u00e1ntico.<\/em><\/p>\n","protected":false},"excerpt":{"rendered":"<p>El Ministerio de Educaci\u00f3n nacional cerr\u00f3 los Programas Acad\u00e9micos de T\u00e9cnico, Tecn\u00f3logo y Profesional en Operaci\u00f3n Tur\u00edstica en la Universidad del Atl\u00e1ntico, como consecuencia de la falta de atenci\u00f3n por parte de la Administraci\u00f3n de la Universidad a los requerimientos del organismo estatal.<\/p>\n","protected":false},"author":2,"featured_media":2148,"comment_status":"open","ping_status":"open","sticky":false,"template":"","format":"standard","meta":{"advanced_seo_description":"","jetpack_seo_html_title":"","jetpack_seo_noindex":false,"jetpack_post_was_ever_published":false,"_jetpack_newsletter_access":"","_jetpack_dont_email_post_to_subs":false,"_jetpack_newsletter_tier_id":0,"_jetpack_memberships_contains_paywalled_content":false,"_jetpack_memberships_contains_paid_content":false,"footnotes":"","jetpack_publicize_message":"","jetpack_publicize_feature_enabled":true,"jetpack_social_post_already_shared":true,"jetpack_social_options":{"image_generator_settings":{"template":"highway","default_image_id":0,"font":"","enabled":false},"version":2}},"categories":[2],"tags":[56,58,5,57,14],"class_list":["post-2316","post","type-post","status-publish","format-standard","has-post-thumbnail","hentry","category-noticias","tag-ministerio","tag-ministerio-de-educacion","tag-noticia","tag-programa","tag-universidad"],"jetpack_publicize_connections":[],"jetpack_featured_media_url":"https:\/\/i0.wp.com\/sintradeua.org\/co\/wp-content\/uploads\/2016\/06\/Gina-Parody.jpg?fit=580%2C435&ssl=1","jetpack_sharing_enabled":true,"jetpack_shortlink":"https:\/\/wp.me\/paSj5R-Bm","_links":{"self":[{"href":"https:\/\/sintradeua.org\/co\/wp-json\/wp\/v2\/posts\/2316","targetHints":{"allow":["GET"]}}],"collection":[{"href":"https:\/\/sintradeua.org\/co\/wp-json\/wp\/v2\/posts"}],"about":[{"href":"https:\/\/sintradeua.org\/co\/wp-json\/wp\/v2\/types\/post"}],"author":[{"embeddable":true,"href":"https:\/\/sintradeua.org\/co\/wp-json\/wp\/v2\/users\/2"}],"replies":[{"embeddable":true,"href":"https:\/\/sintradeua.org\/co\/wp-json\/wp\/v2\/comments?post=2316"}],"version-history":[{"count":0,"href":"https:\/\/sintradeua.org\/co\/wp-json\/wp\/v2\/posts\/2316\/revisions"}],"wp:featuredmedia":[{"embeddable":true,"href":"https:\/\/sintradeua.org\/co\/wp-json\/wp\/v2\/media\/2148"}],"wp:attachment":[{"href":"https:\/\/sintradeua.org\/co\/wp-json\/wp\/v2\/media?parent=2316"}],"wp:term":[{"taxonomy":"category","embeddable":true,"href":"https:\/\/sintradeua.org\/co\/wp-json\/wp\/v2\/categories?post=2316"},{"taxonomy":"post_tag","embeddable":true,"href":"https:\/\/sintradeua.org\/co\/wp-json\/wp\/v2\/tags?post=2316"}],"curies":[{"name":"wp","href":"https:\/\/api.w.org\/{rel}","templated":true}]}}