{"id":2302,"date":"2016-07-11T12:33:35","date_gmt":"2016-07-11T17:33:35","guid":{"rendered":"http:\/\/www.sintradeua.org\/home\/?p=2302"},"modified":"2016-07-11T12:38:14","modified_gmt":"2016-07-11T17:38:14","slug":"eleccion-de-rector-de-uniatlantico-cumple-un-ano-paralizada","status":"publish","type":"post","link":"https:\/\/sintradeua.org\/co\/eleccion-de-rector-de-uniatlantico-cumple-un-ano-paralizada\/","title":{"rendered":"Elecci\u00f3n de rector de Uniatl\u00e1ntico cumple un a\u00f1o paralizada"},"content":{"rendered":"<p style=\"text-align: justify;\"><img data-recalc-dims=\"1\" decoding=\"async\" src=\"https:\/\/i0.wp.com\/www.elheraldo.co\/sites\/default\/files\/styles\/detalle_articulo\/public\/2016\/07\/10\/articulo\/universidad_del_atlantico.jpg?w=640\" alt=\"Archivo\" \/><\/p>\n<div class=\"field field-name-field-autor-articulo field-type-text field-label-hidden\">\n<div class=\"field-items\">\n<div class=\"field-item even\"><strong>POR WILLIAM CANO MORENO<\/strong><\/div>\n<\/div>\n<\/div>\n<p style=\"text-align: justify;\">Un a\u00f1o despu\u00e9s de emitir una medida cautelar que <span style=\"text-decoration: underline;\"><a href=\"http:\/\/www.elheraldo.co\/local\/se-pierde-expediente-del-proceso-que-freno-eleccion-rectoria-de-uniatlantico-249223\" target=\"_blank\">fren\u00f3 la elecci\u00f3n a rector<\/a><\/span> en propiedad de la Universidad del Atl\u00e1ntico (UA), el Tribunal Administrativo del Departamento sigue sin expedir un fallo que permita ponerle fin a la interinidad en el principal cargo de esta instituci\u00f3n de educaci\u00f3n superior p\u00fablica.<!--more--><\/p>\n<p style=\"text-align: justify;\">Cumplido estos doce meses, la ministra de Educaci\u00f3n Nacional, Gina Parody; el gobernador Eduardo Verano De la Rosa y los candidatos al cargo en menci\u00f3n expresaron a EL HERALDO sus inquietudes por la falta de un veredicto por parte del magistrado ponente \u00c1ngel Hern\u00e1ndez, que, por fin, desenrede este proceso.<\/p>\n<p style=\"text-align: justify;\">La medida cautelar del Tribunal Administrativo del Atl\u00e1ntico que orden\u00f3 suspender \u201cde manera inmediata\u201d la designaci\u00f3n de rector fue expedida el 7 de julio del a\u00f1o pasado, dos d\u00edas antes de la fecha programada para la sesi\u00f3n del <a href=\"http:\/\/www.elheraldo.co\/local\/rectoria-de-uniatlantico-presentar-informe-ante-consejo-superior-257420\" target=\"_blank\">Consejo Superior de la UA<\/a> en la que escoger\u00edan a la persona que ocupar\u00eda este cargo, de entre una terna conformada por: Rafael Castillo, Carlos Prasca y Salim Mattar.<\/p>\n<p style=\"text-align: justify;\">El profesor Juan Barrios y la estudiante Loly Luz de la Asunci\u00f3n fueron los actores de la acci\u00f3n de nulidad que fren\u00f3 de elecci\u00f3n de nuevo rector. En su tutela, jur\u00eddicamente el derecho constitucional de la igualdad de todos los candidatos. En su momento, Barrios dijo a este medio que solicitaron la adopci\u00f3n de decisiones administrativas y\/o impartir \u00f3rdenes de hacer o no hacer, tendientes a que el Comit\u00e9 Electoral de la UA programe la realizaci\u00f3n de consultas internas en los sectores productivos o gremios, exrectores y directivas acad\u00e9micas, los cuales tienen asiento y representaci\u00f3n en el Consejo Superior.<\/p>\n<p style=\"text-align: justify;\">Con esto, lo que buscan es que todos los postulados a la Rector\u00eda de esta instituci\u00f3n se sometan a consulta p\u00fablica y que no sea s\u00f3lo para dos sectores (estudiantes y docentes), como lo establecen actualmente los estatutos de la Uniatl\u00e1ntico.<\/p>\n<p style=\"text-align: justify;\"><strong>Agilidad<\/strong><\/p>\n<p style=\"text-align: justify;\">Sin embargo, la ausencia de un pronunciamiento del magistrado Hern\u00e1ndez no ha sido del agrado de la ministra Gina Parody, quien le hizo un llamado a este Tribunal a que \u201csuelte a la Universidad del Atl\u00e1ntico\u201d.<\/p>\n<p style=\"text-align: justify;\">\u201cEl sue\u00f1o que tenemos es que la esta instituci\u00f3n comience a acreditarse. Es muy importante que el Tribunal ya, por favor, suelte a la Universidad del Atl\u00e1ntico y nos permita avanzar en el proceso de elecci\u00f3n de rector en propiedad\u201d, enfatiz\u00f3 Parody, quien en reiteradas ocasiones ha cuestionado la medida cautelar que para ella fue \u201cun fallo expr\u00e9s\u201d y ha reclamado que \u201cagilicen\u201d la sentencia.<\/p>\n<p style=\"text-align: justify;\">El gobernador Eduardo Verano, quien preside el Consejo Superior de la Uniatl\u00e1ntico, reconoce que el Ministerio de Educaci\u00f3n les ha \u201csolicitado reiterativamente\u201d que busquen la manera de \u201cresolver esta medida cautelar para darle normalidad y tranquilidad a la universidad\u201d. Esto, al recordar que est\u00e1n buscando la acreditaci\u00f3n institucional de este centro educativo y que para ello se requiere de una administraci\u00f3n que tenga \u201ctoda la certeza de continuidad para poderse comprometer con procesos de largo aliento\u201d. Desde agosto de 2015, Rafaela Vos Obeso fue\u00a0<a href=\"http:\/\/www.elheraldo.co\/local\/decir-que-no-estamos-ofreciendo-calidad-es-exagerado-rectora-e-de-uniatlantico-mineducacion\" target=\"_blank\">nombrada rectora encargada de la Uniatl\u00e1ntico<\/a>.<\/p>\n<p style=\"text-align: justify;\">\u201cTengo entendido que la semana pasada se vencieron los t\u00e9rminos. Por eso es que estamos a la expectativa de que en los pr\u00f3ximos d\u00edas haya un fallo\u201d, puntualiz\u00f3 el mandatario.<\/p>\n<p style=\"text-align: justify;\">Y es que este proceso judicial no ha estado distante de las pol\u00e9micas, puesto que en marzo pasado el Tribunal Administrativo reconoci\u00f3 la p\u00e9rdida del cuaderno principal del expediente que conservaba en su Secretar\u00eda General sobre esta demanda.<\/p>\n<p style=\"text-align: justify;\">En consecuencia, y tras el extrav\u00edo, el Tribunal tuvo que citar a las partes involucradas en el proceso legal para que asistieran a una nueva audiencia de reconstrucci\u00f3n del expediente, con el objeto de que aportaran \u201clos documentos que posean\u201d. Este fue un hecho cuestionado por consejeros como Cesar Lorduy, representante de los gremios, quien consider\u00f3 que esto fue \u201calgo grav\u00edsimo\u201d para un despacho judicial.<\/p>\n<p style=\"text-align: justify;\">Verano De la Rosa expres\u00f3 que han estado a la expectativa de que el Tribunal del Atl\u00e1ntico pudiese reconstruir el proceso con la audiencia programada, aunque dice desconocer si esto habr\u00e1 incidido para que hasta el momento no haya habido pronunciamiento alguno por parte del magistrado ponente.<\/p>\n<p style=\"text-align: justify;\">Seg\u00fan el gobernador, el 25 de julio es la pr\u00f3xima sesi\u00f3n del Consejo Superior, en la cual estar\u00e1n tratando este tema de la elecci\u00f3n de rector en propiedad, adem\u00e1s del asunto que tiene que ver con el reemplazo del representante de Presidencia (Francisco Cardona) ante este \u00f3rgano de direcci\u00f3n universitario, dado que recientemente fue nombrado viceministro de Educaci\u00f3n Superior.<\/p>\n<p style=\"text-align: justify;\"><strong>Sobre el proceso<\/strong><\/p>\n<p style=\"text-align: justify;\">Este medio consult\u00f3 la opini\u00f3n del abogado Alfonso Camerano sobre el tiempo que debe tomarse este tipo de procesos. Respondi\u00f3 que la medida cautelar pueden mantenerse\u00a0 hasta tanto el Tribunal Administrativo no tenga una sentencia sobre el mismo. \u201cSolo al final se debate si se mantiene o se revoca, en caso tal de que no prospere la demanda\u201d.<\/p>\n<p style=\"text-align: justify;\">Sin embargo, Camerano enfatiz\u00f3 en que el fallo s\u00ed tiene un plazo establecido de hasta un a\u00f1o, \u201cal menos que suspendan t\u00e9rminos\u201d. \u201cYa estamos pr\u00f3ximos\u00a0 a una sentencia porque ya agotaron la audiencia de pruebas\u201d, enfatiz\u00f3 el jurista.<\/p>\n<p style=\"text-align: justify;\"><strong>Voces<\/strong><\/p>\n<p style=\"text-align: justify;\"><strong>\u201cNo esperaba que fuese un menor tiempo\u201d<\/strong><\/p>\n<p style=\"text-align: justify;\">Para el ex rector Rafael Castillo el tiempo que se ha tomado el Tribunal para fallar en este caso est\u00e1 \u201cdentro de la din\u00e1mica que tienen normalmente\u201d. \u201cVa a buen paso. El magistrado lo ha surtido de forma expedita, de hecho no esperaba que fuese un menor tiempo. Me parece que ha sido el adecuado, aunque entiendo las angustias de varios estamentos de la universidad y de la ciudadan\u00eda de forma razonable, porque quieren ver resuelta pronta esta situaci\u00f3n de interinidad en la Rector\u00eda\u201d.<\/p>\n<p style=\"text-align: justify;\">Castillo record\u00f3 que hace poco hubo una audiencia de reconstrucci\u00f3n del proceso, aunque \u201cno alcanzamos a entender qu\u00e9 sucedi\u00f3, creo que lo que buscaba era dilatar el proceso\u201d. \u201cFinalmente el Tribunal resolvi\u00f3 prontamente esto, y se pudo reconstruir la documentaci\u00f3n que se hab\u00eda extraviado\u201d, agreg\u00f3.<\/p>\n<p style=\"text-align: justify;\">Habi\u00e9ndose surtido estas estancias, \u00e9l es \u201coptimista y creo que pronto va a haber un fallo, que sea justo y razonable para todos los interesados y la comunidad del departamento\u201d.<\/p>\n<p style=\"text-align: justify;\"><strong>\u201cSeguimos se\u00f1alando que este proceso est\u00e1 embolatado\u201d<\/strong><\/p>\n<p style=\"text-align: justify;\">El tambi\u00e9n candidato y ex secretario de Educaci\u00f3n, Carlos Prasca, dice que la p\u00e9rdida de los expedientes le gener\u00f3 \u201cdudas de la voluntad\u201d que existe para sacar adelante el proceso.<\/p>\n<p style=\"text-align: justify;\">\u201cLa llegada de un nuevo gobierno, por ejemplo a nivel departamental (cambio de gobernador Jos\u00e9 A. Segebre por Eduardo Verano), ha cambiado las fuerzas a nivel del Consejo. Seguimos se\u00f1alando que ese proceso (de elecci\u00f3n) est\u00e1 bastante embolatado. No se ve pronto una soluci\u00f3n para designar un rector en propiedad, que permita no s\u00f3lo la estabilidad y el fortalecimiento de la institucionalidad sino que se adelante toda una serie de tareas imprescindible, como la acreditaci\u00f3n\u201d, coment\u00f3 Prasca.<\/p>\n<p style=\"text-align: justify;\">Sin embargo, el tiempo que se ha tomado el Tribunal Administrativo del Atl\u00e1ntico no le sorprende a Carlos Prasca. \u201cCuando sali\u00f3 la medida todos sab\u00edamos que eso no ser\u00eda una soluci\u00f3n de menos de un a\u00f1o. Y con todo lo que se vivi\u00f3 (el expediente perdido) en el Tribunal podr\u00eda extenderse un poco m\u00e1s\u201d, puntualiz\u00f3.<\/p>\n<p style=\"text-align: justify;\"><strong>\u201cUn a\u00f1o era tiempo suficiente para fallar este caso\u201d<\/strong><\/p>\n<p style=\"text-align: justify;\">El profesor Salim Mattar cree que es \u201cexagerado\u201d el tiempo de an\u00e1lisis que se ha tomado el magistrado para tomar una decisi\u00f3n en este caso. \u201cSe supone que conoce (el magistrado) de derecho constitucional, sobretodo en este caso que se trata de una demanda sobre un proceso electoral en el cual est\u00e1 contemplado la autonom\u00eda universitaria, que est\u00e1 explicita en la Ley 30\u201d.<\/p>\n<p style=\"text-align: justify;\">\u201cEn un a\u00f1o era suficiente para fallar. Es m\u00e1s, creo que en unos cuatro meses lo hubiera podido hacer, para no mantener a la universidad en una interinidad que le hace da\u00f1o a la Regi\u00f3n. El tiempo es exagerado. No s\u00e9 cu\u00e1nto tiempo m\u00e1s le costar\u00e1 analizar algo que ya debi\u00f3 hacerlo. Pero en este pa\u00eds suceden cosas extra\u00f1as, como que se pierda el expediente y a pesar de haberse cumplido el tiempo no ha fallado\u201d, dijo Mattar.<\/p>\n<p style=\"text-align: justify;\">El candidato a la Rector\u00eda considera que este proceso ha sido \u201cun tema esot\u00e9rico\u201d dentro de la justicia. Para \u00e9l, \u201cha debido ventilarse de una forma m\u00e1s amplia, con mayor participaci\u00f3n\u201d.<\/p>\n","protected":false},"excerpt":{"rendered":"<p>POR WILLIAM CANO MORENO Un a\u00f1o despu\u00e9s de emitir una medida cautelar que fren\u00f3 la elecci\u00f3n a rector en propiedad de la Universidad del Atl\u00e1ntico (UA), el Tribunal Administrativo del Departamento sigue sin expedir un fallo que permita ponerle fin a la interinidad en el principal cargo de esta instituci\u00f3n de educaci\u00f3n superior p\u00fablica.<\/p>\n","protected":false},"author":2,"featured_media":2303,"comment_status":"open","ping_status":"open","sticky":false,"template":"","format":"standard","meta":{"advanced_seo_description":"","jetpack_seo_html_title":"","jetpack_seo_noindex":false,"jetpack_post_was_ever_published":false,"_jetpack_newsletter_access":"","_jetpack_dont_email_post_to_subs":false,"_jetpack_newsletter_tier_id":0,"_jetpack_memberships_contains_paywalled_content":false,"_jetpack_memberships_contains_paid_content":false,"footnotes":"","jetpack_publicize_message":"","jetpack_publicize_feature_enabled":true,"jetpack_social_post_already_shared":true,"jetpack_social_options":{"image_generator_settings":{"template":"highway","default_image_id":0,"font":"","enabled":false},"version":2}},"categories":[2],"tags":[],"class_list":["post-2302","post","type-post","status-publish","format-standard","has-post-thumbnail","hentry","category-noticias"],"jetpack_publicize_connections":[],"jetpack_featured_media_url":"https:\/\/i0.wp.com\/sintradeua.org\/co\/wp-content\/uploads\/2016\/07\/sss.jpg?fit=630%2C320&ssl=1","jetpack_sharing_enabled":true,"jetpack_shortlink":"https:\/\/wp.me\/paSj5R-B8","_links":{"self":[{"href":"https:\/\/sintradeua.org\/co\/wp-json\/wp\/v2\/posts\/2302","targetHints":{"allow":["GET"]}}],"collection":[{"href":"https:\/\/sintradeua.org\/co\/wp-json\/wp\/v2\/posts"}],"about":[{"href":"https:\/\/sintradeua.org\/co\/wp-json\/wp\/v2\/types\/post"}],"author":[{"embeddable":true,"href":"https:\/\/sintradeua.org\/co\/wp-json\/wp\/v2\/users\/2"}],"replies":[{"embeddable":true,"href":"https:\/\/sintradeua.org\/co\/wp-json\/wp\/v2\/comments?post=2302"}],"version-history":[{"count":0,"href":"https:\/\/sintradeua.org\/co\/wp-json\/wp\/v2\/posts\/2302\/revisions"}],"wp:featuredmedia":[{"embeddable":true,"href":"https:\/\/sintradeua.org\/co\/wp-json\/wp\/v2\/media\/2303"}],"wp:attachment":[{"href":"https:\/\/sintradeua.org\/co\/wp-json\/wp\/v2\/media?parent=2302"}],"wp:term":[{"taxonomy":"category","embeddable":true,"href":"https:\/\/sintradeua.org\/co\/wp-json\/wp\/v2\/categories?post=2302"},{"taxonomy":"post_tag","embeddable":true,"href":"https:\/\/sintradeua.org\/co\/wp-json\/wp\/v2\/tags?post=2302"}],"curies":[{"name":"wp","href":"https:\/\/api.w.org\/{rel}","templated":true}]}}