{"id":2274,"date":"2016-07-10T15:32:02","date_gmt":"2016-07-10T20:32:02","guid":{"rendered":"http:\/\/www.sintradeua.org\/home\/?p=2274"},"modified":"2017-07-17T11:57:23","modified_gmt":"2017-07-17T16:57:23","slug":"prestaciones-sociales-reten-social-retiro-de-prepensionados-disfrute-de-la-pension-a-partir-de-la-edad-de-retiro-forzoso","status":"publish","type":"post","link":"https:\/\/sintradeua.org\/co\/prestaciones-sociales-reten-social-retiro-de-prepensionados-disfrute-de-la-pension-a-partir-de-la-edad-de-retiro-forzoso\/","title":{"rendered":"PRESTACIONES SOCIALES. RET\u00c9N SOCIAL. RETIRO DE PREPENSIONADOS. DISFRUTE DE LA PENSI\u00d3N A PARTIR DE LA EDAD DE RETIRO FORZOSO"},"content":{"rendered":"<p style=\"text-align: justify;\"><img data-recalc-dims=\"1\" decoding=\"async\" src=\"https:\/\/i0.wp.com\/2.bp.blogspot.com\/-r-HPtqQxcf4\/UhkWv1Mgx8I\/AAAAAAAAFiM\/uH_wBpagKiY\/s1600\/la%2Badministraci%C3%B3n%2Bp%C3%BAblica.png?w=640\" \/><\/p>\n<p style=\"text-align: justify;\">El servidor publico que adquiera el derecho a disfrutar de su pensi\u00f3n de vejez o jubilaci\u00f3n podr\u00e1 optar por dicho beneficio o continuar vinculado al servicio, hasta que cumpla la edad de retiro forzoso; y no podr\u00e1 ser obligado a retirarse del cargo por el solo hecho de haberse expedido a su favor la resoluci\u00f3n de jubilaci\u00f3n, si no ha llegado a la edad de retiro forzoso.<!--more--><\/p>\n<p style=\"text-align: justify;\">Para criterio de la Funci\u00f3n Publica, los empleados a quienes se les ha reconocido por resoluci\u00f3n la pensi\u00f3n de jubilaci\u00f3n y no han llegado aun a la edad de retiro forzoso , podr\u00e1n continuar vinculados y comenzar a disfrutar de la pensi\u00f3n a partir de que cumplen la edad de retiro forzoso o renunciar y ser retirados del cargo que vienen desempe\u00f1ando y empezar a disfrutar de la pensi\u00f3n.<\/p>\n<p style=\"text-align: justify;\"><img data-recalc-dims=\"1\" loading=\"lazy\" decoding=\"async\" data-attachment-id=\"2275\" data-permalink=\"https:\/\/sintradeua.org\/co\/prestaciones-sociales-reten-social-retiro-de-prepensionados-disfrute-de-la-pension-a-partir-de-la-edad-de-retiro-forzoso\/j1\/\" data-orig-file=\"https:\/\/i0.wp.com\/sintradeua.org\/co\/wp-content\/uploads\/2016\/07\/J1.jpg?fit=1583%2C2048&amp;ssl=1\" data-orig-size=\"1583,2048\" data-comments-opened=\"1\" data-image-meta=\"{&quot;aperture&quot;:&quot;0&quot;,&quot;credit&quot;:&quot;&quot;,&quot;camera&quot;:&quot;&quot;,&quot;caption&quot;:&quot;&quot;,&quot;created_timestamp&quot;:&quot;0&quot;,&quot;copyright&quot;:&quot;&quot;,&quot;focal_length&quot;:&quot;0&quot;,&quot;iso&quot;:&quot;0&quot;,&quot;shutter_speed&quot;:&quot;0&quot;,&quot;title&quot;:&quot;&quot;,&quot;orientation&quot;:&quot;0&quot;}\" data-image-title=\"J1\" data-image-description=\"\" data-image-caption=\"\" data-large-file=\"https:\/\/i0.wp.com\/sintradeua.org\/co\/wp-content\/uploads\/2016\/07\/J1.jpg?fit=618%2C800&amp;ssl=1\" class=\"alignnone size-medium wp-image-2275\" src=\"https:\/\/i0.wp.com\/www.sintradeua.org\/co\/wp-content\/uploads\/2016\/07\/J1-232x300.jpg?resize=232%2C300\" alt=\"J1\" width=\"232\" height=\"300\" srcset=\"https:\/\/i0.wp.com\/sintradeua.org\/co\/wp-content\/uploads\/2016\/07\/J1.jpg?resize=232%2C300&amp;ssl=1 232w, https:\/\/i0.wp.com\/sintradeua.org\/co\/wp-content\/uploads\/2016\/07\/J1.jpg?resize=618%2C800&amp;ssl=1 618w, https:\/\/i0.wp.com\/sintradeua.org\/co\/wp-content\/uploads\/2016\/07\/J1.jpg?w=1583&amp;ssl=1 1583w, https:\/\/i0.wp.com\/sintradeua.org\/co\/wp-content\/uploads\/2016\/07\/J1.jpg?w=1280&amp;ssl=1 1280w\" sizes=\"auto, (max-width: 232px) 100vw, 232px\" \/><img data-recalc-dims=\"1\" loading=\"lazy\" decoding=\"async\" data-attachment-id=\"2283\" data-permalink=\"https:\/\/sintradeua.org\/co\/prestaciones-sociales-reten-social-retiro-de-prepensionados-disfrute-de-la-pension-a-partir-de-la-edad-de-retiro-forzoso\/j2-3\/\" data-orig-file=\"https:\/\/i0.wp.com\/sintradeua.org\/co\/wp-content\/uploads\/2016\/07\/J2-2.jpg?fit=1583%2C2048&amp;ssl=1\" data-orig-size=\"1583,2048\" data-comments-opened=\"1\" data-image-meta=\"{&quot;aperture&quot;:&quot;0&quot;,&quot;credit&quot;:&quot;&quot;,&quot;camera&quot;:&quot;&quot;,&quot;caption&quot;:&quot;&quot;,&quot;created_timestamp&quot;:&quot;0&quot;,&quot;copyright&quot;:&quot;&quot;,&quot;focal_length&quot;:&quot;0&quot;,&quot;iso&quot;:&quot;0&quot;,&quot;shutter_speed&quot;:&quot;0&quot;,&quot;title&quot;:&quot;&quot;,&quot;orientation&quot;:&quot;0&quot;}\" data-image-title=\"J2\" data-image-description=\"\" data-image-caption=\"\" data-large-file=\"https:\/\/i0.wp.com\/sintradeua.org\/co\/wp-content\/uploads\/2016\/07\/J2-2.jpg?fit=618%2C800&amp;ssl=1\" class=\"alignnone size-medium wp-image-2283\" src=\"https:\/\/i0.wp.com\/www.sintradeua.org\/co\/wp-content\/uploads\/2016\/07\/J2-2-232x300.jpg?resize=232%2C300\" alt=\"J2\" width=\"232\" height=\"300\" srcset=\"https:\/\/i0.wp.com\/sintradeua.org\/co\/wp-content\/uploads\/2016\/07\/J2-2.jpg?resize=232%2C300&amp;ssl=1 232w, https:\/\/i0.wp.com\/sintradeua.org\/co\/wp-content\/uploads\/2016\/07\/J2-2.jpg?resize=618%2C800&amp;ssl=1 618w, https:\/\/i0.wp.com\/sintradeua.org\/co\/wp-content\/uploads\/2016\/07\/J2-2.jpg?w=1583&amp;ssl=1 1583w, https:\/\/i0.wp.com\/sintradeua.org\/co\/wp-content\/uploads\/2016\/07\/J2-2.jpg?w=1280&amp;ssl=1 1280w\" sizes=\"auto, (max-width: 232px) 100vw, 232px\" \/><img data-recalc-dims=\"1\" loading=\"lazy\" decoding=\"async\" data-attachment-id=\"2284\" data-permalink=\"https:\/\/sintradeua.org\/co\/prestaciones-sociales-reten-social-retiro-de-prepensionados-disfrute-de-la-pension-a-partir-de-la-edad-de-retiro-forzoso\/j3-2\/\" data-orig-file=\"https:\/\/i0.wp.com\/sintradeua.org\/co\/wp-content\/uploads\/2016\/07\/J3-1.jpg?fit=1583%2C2048&amp;ssl=1\" data-orig-size=\"1583,2048\" data-comments-opened=\"1\" data-image-meta=\"{&quot;aperture&quot;:&quot;0&quot;,&quot;credit&quot;:&quot;&quot;,&quot;camera&quot;:&quot;&quot;,&quot;caption&quot;:&quot;&quot;,&quot;created_timestamp&quot;:&quot;0&quot;,&quot;copyright&quot;:&quot;&quot;,&quot;focal_length&quot;:&quot;0&quot;,&quot;iso&quot;:&quot;0&quot;,&quot;shutter_speed&quot;:&quot;0&quot;,&quot;title&quot;:&quot;&quot;,&quot;orientation&quot;:&quot;0&quot;}\" data-image-title=\"J3\" data-image-description=\"\" data-image-caption=\"\" data-large-file=\"https:\/\/i0.wp.com\/sintradeua.org\/co\/wp-content\/uploads\/2016\/07\/J3-1.jpg?fit=618%2C800&amp;ssl=1\" class=\"alignnone size-medium wp-image-2284\" src=\"https:\/\/i0.wp.com\/www.sintradeua.org\/co\/wp-content\/uploads\/2016\/07\/J3-1-232x300.jpg?resize=232%2C300\" alt=\"J3\" width=\"232\" height=\"300\" srcset=\"https:\/\/i0.wp.com\/sintradeua.org\/co\/wp-content\/uploads\/2016\/07\/J3-1.jpg?resize=232%2C300&amp;ssl=1 232w, https:\/\/i0.wp.com\/sintradeua.org\/co\/wp-content\/uploads\/2016\/07\/J3-1.jpg?resize=618%2C800&amp;ssl=1 618w, https:\/\/i0.wp.com\/sintradeua.org\/co\/wp-content\/uploads\/2016\/07\/J3-1.jpg?w=1583&amp;ssl=1 1583w, https:\/\/i0.wp.com\/sintradeua.org\/co\/wp-content\/uploads\/2016\/07\/J3-1.jpg?w=1280&amp;ssl=1 1280w\" sizes=\"auto, (max-width: 232px) 100vw, 232px\" \/><img data-recalc-dims=\"1\" loading=\"lazy\" decoding=\"async\" data-attachment-id=\"2285\" data-permalink=\"https:\/\/sintradeua.org\/co\/prestaciones-sociales-reten-social-retiro-de-prepensionados-disfrute-de-la-pension-a-partir-de-la-edad-de-retiro-forzoso\/j4-2\/\" data-orig-file=\"https:\/\/i0.wp.com\/sintradeua.org\/co\/wp-content\/uploads\/2016\/07\/J4-1.jpg?fit=1583%2C2048&amp;ssl=1\" data-orig-size=\"1583,2048\" data-comments-opened=\"1\" data-image-meta=\"{&quot;aperture&quot;:&quot;0&quot;,&quot;credit&quot;:&quot;&quot;,&quot;camera&quot;:&quot;&quot;,&quot;caption&quot;:&quot;&quot;,&quot;created_timestamp&quot;:&quot;0&quot;,&quot;copyright&quot;:&quot;&quot;,&quot;focal_length&quot;:&quot;0&quot;,&quot;iso&quot;:&quot;0&quot;,&quot;shutter_speed&quot;:&quot;0&quot;,&quot;title&quot;:&quot;&quot;,&quot;orientation&quot;:&quot;0&quot;}\" data-image-title=\"J4\" data-image-description=\"\" data-image-caption=\"\" data-large-file=\"https:\/\/i0.wp.com\/sintradeua.org\/co\/wp-content\/uploads\/2016\/07\/J4-1.jpg?fit=618%2C800&amp;ssl=1\" class=\"alignnone size-medium wp-image-2285\" src=\"https:\/\/i0.wp.com\/www.sintradeua.org\/co\/wp-content\/uploads\/2016\/07\/J4-1-232x300.jpg?resize=232%2C300\" alt=\"J4\" width=\"232\" height=\"300\" srcset=\"https:\/\/i0.wp.com\/sintradeua.org\/co\/wp-content\/uploads\/2016\/07\/J4-1.jpg?resize=232%2C300&amp;ssl=1 232w, https:\/\/i0.wp.com\/sintradeua.org\/co\/wp-content\/uploads\/2016\/07\/J4-1.jpg?resize=618%2C800&amp;ssl=1 618w, https:\/\/i0.wp.com\/sintradeua.org\/co\/wp-content\/uploads\/2016\/07\/J4-1.jpg?w=1583&amp;ssl=1 1583w, https:\/\/i0.wp.com\/sintradeua.org\/co\/wp-content\/uploads\/2016\/07\/J4-1.jpg?w=1280&amp;ssl=1 1280w\" sizes=\"auto, (max-width: 232px) 100vw, 232px\" \/><img data-recalc-dims=\"1\" loading=\"lazy\" decoding=\"async\" data-attachment-id=\"2286\" data-permalink=\"https:\/\/sintradeua.org\/co\/prestaciones-sociales-reten-social-retiro-de-prepensionados-disfrute-de-la-pension-a-partir-de-la-edad-de-retiro-forzoso\/j5-2\/\" data-orig-file=\"https:\/\/i0.wp.com\/sintradeua.org\/co\/wp-content\/uploads\/2016\/07\/J5-1.jpg?fit=1583%2C2048&amp;ssl=1\" data-orig-size=\"1583,2048\" data-comments-opened=\"1\" data-image-meta=\"{&quot;aperture&quot;:&quot;0&quot;,&quot;credit&quot;:&quot;&quot;,&quot;camera&quot;:&quot;&quot;,&quot;caption&quot;:&quot;&quot;,&quot;created_timestamp&quot;:&quot;0&quot;,&quot;copyright&quot;:&quot;&quot;,&quot;focal_length&quot;:&quot;0&quot;,&quot;iso&quot;:&quot;0&quot;,&quot;shutter_speed&quot;:&quot;0&quot;,&quot;title&quot;:&quot;&quot;,&quot;orientation&quot;:&quot;0&quot;}\" data-image-title=\"J5\" data-image-description=\"\" data-image-caption=\"\" data-large-file=\"https:\/\/i0.wp.com\/sintradeua.org\/co\/wp-content\/uploads\/2016\/07\/J5-1.jpg?fit=618%2C800&amp;ssl=1\" class=\"alignnone size-medium wp-image-2286\" src=\"https:\/\/i0.wp.com\/www.sintradeua.org\/co\/wp-content\/uploads\/2016\/07\/J5-1-232x300.jpg?resize=232%2C300\" alt=\"J5\" width=\"232\" height=\"300\" srcset=\"https:\/\/i0.wp.com\/sintradeua.org\/co\/wp-content\/uploads\/2016\/07\/J5-1.jpg?resize=232%2C300&amp;ssl=1 232w, https:\/\/i0.wp.com\/sintradeua.org\/co\/wp-content\/uploads\/2016\/07\/J5-1.jpg?resize=618%2C800&amp;ssl=1 618w, https:\/\/i0.wp.com\/sintradeua.org\/co\/wp-content\/uploads\/2016\/07\/J5-1.jpg?w=1583&amp;ssl=1 1583w, https:\/\/i0.wp.com\/sintradeua.org\/co\/wp-content\/uploads\/2016\/07\/J5-1.jpg?w=1280&amp;ssl=1 1280w\" sizes=\"auto, (max-width: 232px) 100vw, 232px\" \/><img data-recalc-dims=\"1\" loading=\"lazy\" decoding=\"async\" data-attachment-id=\"2287\" data-permalink=\"https:\/\/sintradeua.org\/co\/prestaciones-sociales-reten-social-retiro-de-prepensionados-disfrute-de-la-pension-a-partir-de-la-edad-de-retiro-forzoso\/j6-2\/\" data-orig-file=\"https:\/\/i0.wp.com\/sintradeua.org\/co\/wp-content\/uploads\/2016\/07\/J6-1.jpg?fit=1583%2C2048&amp;ssl=1\" data-orig-size=\"1583,2048\" data-comments-opened=\"1\" data-image-meta=\"{&quot;aperture&quot;:&quot;0&quot;,&quot;credit&quot;:&quot;&quot;,&quot;camera&quot;:&quot;&quot;,&quot;caption&quot;:&quot;&quot;,&quot;created_timestamp&quot;:&quot;0&quot;,&quot;copyright&quot;:&quot;&quot;,&quot;focal_length&quot;:&quot;0&quot;,&quot;iso&quot;:&quot;0&quot;,&quot;shutter_speed&quot;:&quot;0&quot;,&quot;title&quot;:&quot;&quot;,&quot;orientation&quot;:&quot;0&quot;}\" data-image-title=\"J6\" data-image-description=\"\" data-image-caption=\"\" data-large-file=\"https:\/\/i0.wp.com\/sintradeua.org\/co\/wp-content\/uploads\/2016\/07\/J6-1.jpg?fit=618%2C800&amp;ssl=1\" class=\"alignnone size-medium wp-image-2287\" src=\"https:\/\/i0.wp.com\/www.sintradeua.org\/co\/wp-content\/uploads\/2016\/07\/J6-1-232x300.jpg?resize=232%2C300\" alt=\"J6\" width=\"232\" height=\"300\" srcset=\"https:\/\/i0.wp.com\/sintradeua.org\/co\/wp-content\/uploads\/2016\/07\/J6-1.jpg?resize=232%2C300&amp;ssl=1 232w, https:\/\/i0.wp.com\/sintradeua.org\/co\/wp-content\/uploads\/2016\/07\/J6-1.jpg?resize=618%2C800&amp;ssl=1 618w, https:\/\/i0.wp.com\/sintradeua.org\/co\/wp-content\/uploads\/2016\/07\/J6-1.jpg?w=1583&amp;ssl=1 1583w, https:\/\/i0.wp.com\/sintradeua.org\/co\/wp-content\/uploads\/2016\/07\/J6-1.jpg?w=1280&amp;ssl=1 1280w\" sizes=\"auto, (max-width: 232px) 100vw, 232px\" \/><img data-recalc-dims=\"1\" loading=\"lazy\" decoding=\"async\" data-attachment-id=\"2288\" data-permalink=\"https:\/\/sintradeua.org\/co\/prestaciones-sociales-reten-social-retiro-de-prepensionados-disfrute-de-la-pension-a-partir-de-la-edad-de-retiro-forzoso\/j7-2\/\" data-orig-file=\"https:\/\/i0.wp.com\/sintradeua.org\/co\/wp-content\/uploads\/2016\/07\/J7-1.jpg?fit=1583%2C2048&amp;ssl=1\" data-orig-size=\"1583,2048\" data-comments-opened=\"1\" data-image-meta=\"{&quot;aperture&quot;:&quot;0&quot;,&quot;credit&quot;:&quot;&quot;,&quot;camera&quot;:&quot;&quot;,&quot;caption&quot;:&quot;&quot;,&quot;created_timestamp&quot;:&quot;0&quot;,&quot;copyright&quot;:&quot;&quot;,&quot;focal_length&quot;:&quot;0&quot;,&quot;iso&quot;:&quot;0&quot;,&quot;shutter_speed&quot;:&quot;0&quot;,&quot;title&quot;:&quot;&quot;,&quot;orientation&quot;:&quot;0&quot;}\" data-image-title=\"J7\" data-image-description=\"\" data-image-caption=\"\" data-large-file=\"https:\/\/i0.wp.com\/sintradeua.org\/co\/wp-content\/uploads\/2016\/07\/J7-1.jpg?fit=618%2C800&amp;ssl=1\" class=\"alignnone size-medium wp-image-2288\" src=\"https:\/\/i0.wp.com\/www.sintradeua.org\/co\/wp-content\/uploads\/2016\/07\/J7-1-232x300.jpg?resize=232%2C300\" alt=\"J7\" width=\"232\" height=\"300\" srcset=\"https:\/\/i0.wp.com\/sintradeua.org\/co\/wp-content\/uploads\/2016\/07\/J7-1.jpg?resize=232%2C300&amp;ssl=1 232w, https:\/\/i0.wp.com\/sintradeua.org\/co\/wp-content\/uploads\/2016\/07\/J7-1.jpg?resize=618%2C800&amp;ssl=1 618w, https:\/\/i0.wp.com\/sintradeua.org\/co\/wp-content\/uploads\/2016\/07\/J7-1.jpg?w=1583&amp;ssl=1 1583w, https:\/\/i0.wp.com\/sintradeua.org\/co\/wp-content\/uploads\/2016\/07\/J7-1.jpg?w=1280&amp;ssl=1 1280w\" sizes=\"auto, (max-width: 232px) 100vw, 232px\" \/><\/p>\n","protected":false},"excerpt":{"rendered":"<p>El servidor publico que adquiera el derecho a disfrutar de su pensi\u00f3n de vejez o jubilaci\u00f3n podr\u00e1 optar por dicho beneficio o continuar vinculado al servicio, hasta que cumpla la edad de retiro forzoso; y no podr\u00e1 ser obligado a retirarse del cargo por el solo hecho de haberse expedido a su favor la resoluci\u00f3n&#8230;<\/p>\n","protected":false},"author":2,"featured_media":2292,"comment_status":"open","ping_status":"open","sticky":false,"template":"","format":"standard","meta":{"advanced_seo_description":"","jetpack_seo_html_title":"","jetpack_seo_noindex":false,"jetpack_post_was_ever_published":false,"_jetpack_newsletter_access":"","_jetpack_dont_email_post_to_subs":false,"_jetpack_newsletter_tier_id":0,"_jetpack_memberships_contains_paywalled_content":false,"_jetpack_memberships_contains_paid_content":false,"footnotes":"","jetpack_publicize_message":"","jetpack_publicize_feature_enabled":true,"jetpack_social_post_already_shared":true,"jetpack_social_options":{"image_generator_settings":{"template":"highway","default_image_id":0,"font":"","enabled":false},"version":2}},"categories":[2],"tags":[],"class_list":["post-2274","post","type-post","status-publish","format-standard","has-post-thumbnail","hentry","category-noticias"],"jetpack_publicize_connections":[],"jetpack_featured_media_url":"https:\/\/i0.wp.com\/sintradeua.org\/co\/wp-content\/uploads\/2016\/07\/CC.png?fit=804%2C314&ssl=1","jetpack_sharing_enabled":true,"jetpack_shortlink":"https:\/\/wp.me\/paSj5R-AG","_links":{"self":[{"href":"https:\/\/sintradeua.org\/co\/wp-json\/wp\/v2\/posts\/2274","targetHints":{"allow":["GET"]}}],"collection":[{"href":"https:\/\/sintradeua.org\/co\/wp-json\/wp\/v2\/posts"}],"about":[{"href":"https:\/\/sintradeua.org\/co\/wp-json\/wp\/v2\/types\/post"}],"author":[{"embeddable":true,"href":"https:\/\/sintradeua.org\/co\/wp-json\/wp\/v2\/users\/2"}],"replies":[{"embeddable":true,"href":"https:\/\/sintradeua.org\/co\/wp-json\/wp\/v2\/comments?post=2274"}],"version-history":[{"count":1,"href":"https:\/\/sintradeua.org\/co\/wp-json\/wp\/v2\/posts\/2274\/revisions"}],"predecessor-version":[{"id":3614,"href":"https:\/\/sintradeua.org\/co\/wp-json\/wp\/v2\/posts\/2274\/revisions\/3614"}],"wp:featuredmedia":[{"embeddable":true,"href":"https:\/\/sintradeua.org\/co\/wp-json\/wp\/v2\/media\/2292"}],"wp:attachment":[{"href":"https:\/\/sintradeua.org\/co\/wp-json\/wp\/v2\/media?parent=2274"}],"wp:term":[{"taxonomy":"category","embeddable":true,"href":"https:\/\/sintradeua.org\/co\/wp-json\/wp\/v2\/categories?post=2274"},{"taxonomy":"post_tag","embeddable":true,"href":"https:\/\/sintradeua.org\/co\/wp-json\/wp\/v2\/tags?post=2274"}],"curies":[{"name":"wp","href":"https:\/\/api.w.org\/{rel}","templated":true}]}}