{"id":2147,"date":"2016-06-13T09:00:00","date_gmt":"2016-06-13T14:00:00","guid":{"rendered":"http:\/\/www.sintradeua.org\/home\/?p=2147"},"modified":"2016-06-13T14:37:08","modified_gmt":"2016-06-13T19:37:08","slug":"el-ministerio-no-va-a-girar-ningun-recurso-para-la-ua-del-sur","status":"publish","type":"post","link":"https:\/\/sintradeua.org\/co\/el-ministerio-no-va-a-girar-ningun-recurso-para-la-ua-del-sur\/","title":{"rendered":"El Ministerio no va a girar ning\u00fan recurso para la UA del Sur"},"content":{"rendered":"<p style=\"text-align: justify;\">\u00a0<\/p>\n<div class=\"irc_mutc i8_n8QGEDjJU-s4mcypHTTek\" style=\"text-align: justify;\"><a class=\"irc_mutl i3597 i8_n8QGEDjJU-dTEICwVRfZc\" tabindex=\"0\" href=\"http:\/\/www.google.com.co\/url?sa=i&amp;rct=j&amp;q=&amp;esrc=s&amp;source=images&amp;cd=&amp;cad=rja&amp;uact=8&amp;ved=0ahUKEwi1kJbbk6XNAhWMQSYKHamhAAEQjRwIBw&amp;url=http%3A%2F%2Fwww.villavoalreves.com.co%2Feste-jueves-la-ministra-de-educacion-gina-parody-en-villavicencio%2F&amp;psig=AFQjCNHVssntxEdpiNyliurfEGlmLmqBcw&amp;ust=1465912481071161\" target=\"_blank\" data-ved=\"0ahUKEwi1kJbbk6XNAhWMQSYKHamhAAEQjRwIBw\" data-noload=\"\"><img loading=\"lazy\" decoding=\"async\" class=\"irc_mut i8_n8QGEDjJU-HwpH6ZlgJaI\" src=\"https:\/\/encrypted-tbn1.gstatic.com\/images?q=tbn:ANd9GcQC1_uxEYt7isqr10UTKprIiiMR493b94cZ2oukcbYqRND9k_OU\" alt=\"\" width=\"531\" height=\"398\" \/><\/a><\/div>\n<p style=\"text-align: justify;\">As\u00ed lo manifest\u00f3 la ministra en entrevista para EL HERALDO:<\/p>\n<p style=\"text-align: justify;\"><strong>En Atl\u00e1ntico, el gobernador y consejeros, han pedido que el Ministerio de Educaci\u00f3n apoye econ\u00f3micamente el proyecto de descentralizar la Uniatl\u00e1ntico con la sede que fue construida en el sur del departamento. \u00bfEs posible esto?<\/strong><br \/> La universidad del sur hoy es una infraestructura que se hizo. Estoy convencida que necesitamos aumentar la cobertura y por eso es muy importante que se tomen las decisiones para que ya realmente se convierta en una sede alterna de la Universidad del Atl\u00e1ntico. Pero tiene que ser con el Consejo Superior. No se pueden hacer edificios por todo el pa\u00eds sino se tiene el concurso de las universidades, como en este caso, o del Presupuesto General de la Naci\u00f3n para ponerlos en marcha.<!--more--><\/p>\n<p style=\"text-align: justify;\"><strong>\u00bfEso significa que no van a girar dinero?<\/strong><br \/> El Ministerio no va a girar ning\u00fan recurso, porque nosotros giramos directamente a las instituciones cuando son una realidad.<\/p>\n<p style=\"text-align: justify;\"><strong>Ellos piden que sea a trav\u00e9s de la misma universidad que se canalice su ayuda\u2026<\/strong><br \/>Y eso es una decisi\u00f3n que tiene el Consejo Superior, y el Ministerio es solo un voto de nueve. Depende de ellos. Creo que es importante tener m\u00e1s acceso con calidad, pero hay que hacerlo de manera responsable. Este gobernador (Eduardo Verano) est\u00e1 muy comprometido en este proyecto, porque no se puede convertir en un elefante blanco. Nosotros como Ministerio solo giramos a las universidades, y presupuestamos con tiempo. Y eso no est\u00e1 incluido en el Presupuesto General de la Naci\u00f3n. Mi recomendaci\u00f3n es no hacer elefantes blancos.<\/p>\n<p style=\"text-align: justify;\"><strong>Y, \u00bfes necesaria alguna autorizaci\u00f3n de su ministerio para que los programas se puedan ofertar all\u00ed y ustedes los dar\u00edan?<\/strong><br \/> Registros calificados. En eso estamos dispuestos a dar todo el apoyo.<\/p>\n<p style=\"text-align: justify;\"><strong>Otro tema de la Universidad del Atl\u00e1ntico es la rector\u00eda que contin\u00faa en encargo por una medida cautelar que fren\u00f3 las elecciones, \u00bfqu\u00e9 sabe de ese proceso?<\/strong><\/p>\n<p style=\"text-align: justify;\">Me preocupa much\u00edsimo y le he solicitado p\u00fablicamente al Consejo de Estado y al Tribunal Administrativo del Atl\u00e1ntico que por favor fallen r\u00e1pido para que nos dejen avanzar en la elecci\u00f3n de un rector en propiedad. El tema es prioritario y queremos avanzar r\u00e1pido. Espero que no haya intereses particulares en estos procesos.<\/p>\n<p style=\"text-align: justify;\">\u00a0<\/p>\n<p>&nbsp;<\/p>\n","protected":false},"excerpt":{"rendered":"<p>\u00a0 As\u00ed lo manifest\u00f3 la ministra en entrevista para EL HERALDO: En Atl\u00e1ntico, el gobernador y consejeros, han pedido que el Ministerio de Educaci\u00f3n apoye econ\u00f3micamente el proyecto de descentralizar la Uniatl\u00e1ntico con la sede que fue construida en el sur del departamento. \u00bfEs posible esto? La universidad del sur hoy es una infraestructura que&#8230;<\/p>\n","protected":false},"author":2,"featured_media":2148,"comment_status":"open","ping_status":"open","sticky":false,"template":"","format":"standard","meta":{"advanced_seo_description":"","jetpack_seo_html_title":"","jetpack_seo_noindex":false,"jetpack_post_was_ever_published":false,"_jetpack_newsletter_access":"","_jetpack_dont_email_post_to_subs":false,"_jetpack_newsletter_tier_id":0,"_jetpack_memberships_contains_paywalled_content":false,"_jetpack_memberships_contains_paid_content":false,"footnotes":"","jetpack_publicize_message":"","jetpack_publicize_feature_enabled":true,"jetpack_social_post_already_shared":true,"jetpack_social_options":{"image_generator_settings":{"template":"highway","default_image_id":0,"font":"","enabled":false},"version":2}},"categories":[2],"tags":[],"class_list":["post-2147","post","type-post","status-publish","format-standard","has-post-thumbnail","hentry","category-noticias"],"jetpack_publicize_connections":[],"jetpack_featured_media_url":"https:\/\/i0.wp.com\/sintradeua.org\/co\/wp-content\/uploads\/2016\/06\/Gina-Parody.jpg?fit=580%2C435&ssl=1","jetpack_sharing_enabled":true,"jetpack_shortlink":"https:\/\/wp.me\/paSj5R-yD","_links":{"self":[{"href":"https:\/\/sintradeua.org\/co\/wp-json\/wp\/v2\/posts\/2147","targetHints":{"allow":["GET"]}}],"collection":[{"href":"https:\/\/sintradeua.org\/co\/wp-json\/wp\/v2\/posts"}],"about":[{"href":"https:\/\/sintradeua.org\/co\/wp-json\/wp\/v2\/types\/post"}],"author":[{"embeddable":true,"href":"https:\/\/sintradeua.org\/co\/wp-json\/wp\/v2\/users\/2"}],"replies":[{"embeddable":true,"href":"https:\/\/sintradeua.org\/co\/wp-json\/wp\/v2\/comments?post=2147"}],"version-history":[{"count":0,"href":"https:\/\/sintradeua.org\/co\/wp-json\/wp\/v2\/posts\/2147\/revisions"}],"wp:featuredmedia":[{"embeddable":true,"href":"https:\/\/sintradeua.org\/co\/wp-json\/wp\/v2\/media\/2148"}],"wp:attachment":[{"href":"https:\/\/sintradeua.org\/co\/wp-json\/wp\/v2\/media?parent=2147"}],"wp:term":[{"taxonomy":"category","embeddable":true,"href":"https:\/\/sintradeua.org\/co\/wp-json\/wp\/v2\/categories?post=2147"},{"taxonomy":"post_tag","embeddable":true,"href":"https:\/\/sintradeua.org\/co\/wp-json\/wp\/v2\/tags?post=2147"}],"curies":[{"name":"wp","href":"https:\/\/api.w.org\/{rel}","templated":true}]}}