{"id":2135,"date":"2016-06-02T19:36:24","date_gmt":"2016-06-03T00:36:24","guid":{"rendered":"http:\/\/www.sintradeua.org\/home\/?p=2135"},"modified":"2016-06-03T06:27:42","modified_gmt":"2016-06-03T11:27:42","slug":"comision-analizara-reintegros-de-personal-en-uniatlantico","status":"publish","type":"post","link":"https:\/\/sintradeua.org\/co\/comision-analizara-reintegros-de-personal-en-uniatlantico\/","title":{"rendered":"Gobernador del Atlantico dice que Comisi\u00f3n analizar\u00e1 reintegros de personal en Uniatl\u00e1ntico"},"content":{"rendered":"<p style=\"text-align: justify;\"><img data-recalc-dims=\"1\" decoding=\"async\" src=\"https:\/\/i0.wp.com\/www.atlantico.gov.co\/images\/ConsejoUniversidadAtlntico.jpg?w=640\" \/><\/p>\n<p style=\"text-align: justify;\" align=\"justify\"><span lang=\"es\">Revisar el impacto financiero de los 82 casos de reintegro laboral que ordenan fallos judiciales contra la Universidad del Atl\u00e1ntico determin\u00f3 el Consejo Superior del Alma M\u00e1ter la tarde de hoy.<\/span><\/p>\n<p style=\"text-align: justify;\" align=\"justify\"><span lang=\"es\">El gobernador Eduardo Verano De La Rosa, en su calidad de presidente del Consejo Superior, inform\u00f3 que estas erogaciones ascienden a $1300 millones anuales.<\/span><!--more--><\/p>\n<p style=\"text-align: justify;\" align=\"justify\"><span lang=\"es\">\u201cTenemos la necesidad de buscar medidas administrativas que permitan la sostenibilidad financiera y operativa de la Universidad del Atl\u00e1ntico y lo que queremos es que tal proceso se cumpla con control a los gastos, racionalizaci\u00f3n en la contrataci\u00f3n por ops (\u00f3rdenes de prestaci\u00f3n de servicios), lo que seg\u00fan los sindicatos se encuentra desbordado desde hace mucho tiempo\u201d, sostuvo el Gobernador.<\/span><\/p>\n<p style=\"text-align: justify;\" align=\"justify\"><span lang=\"es\">Los resultados de las revisiones establecidas por el Superior ser\u00e1n socializados durante el pr\u00f3ximo Comit\u00e9 de Reestructuraci\u00f3n de Pasivos establecido por la Ley 550, figura que cobija la instituci\u00f3n de educaci\u00f3n superior y que se realizar\u00e1 el 8 de junio, pr\u00f3ximo.<\/span><\/p>\n<p style=\"text-align: justify;\" align=\"justify\"><span lang=\"es\">La comisi\u00f3n revisar\u00e1 cada caso y determinar\u00e1 los pasos a seguir para la normalizaci\u00f3n de la planta de personal y su funcionalidad en las diferentes \u00e1reas de la Universidad. Estar\u00e1 conformada por integrantes del Consejo Superior, delegados de los sindicatos e integrantes del equipo econ\u00f3mico y jur\u00eddico del gobierno departamental.<\/span><\/p>\n<p style=\"text-align: justify;\" align=\"justify\"><span lang=\"es\">La rectora (e) de la Uniatl\u00e1ntico, Rafaela Vos Obeso, indic\u00f3 que esta determinaci\u00f3n del Consejo Superior es una f\u00f3rmula expedita para garantizar el equilibrio financiero de la universidad debido a que actualmente cursan cerca de 400 demandas de car\u00e1cter laboral contra la entidad acad\u00e9mica oficial.<\/span><\/p>\n<p style=\"text-align: justify;\" align=\"justify\"><span lang=\"es\">Adicionalmente, el Consejo Superior de la Universidad del Atl\u00e1ntico concedi\u00f3 autorizaci\u00f3n a la rectora de la instituci\u00f3n para que adelante las gestiones para avanzar en el fortalecimiento de la academia, b\u00fasqueda de la acreditaci\u00f3n institucional de los programas, apertura de procesos internos de inscripci\u00f3n de candidatos para proveer por encargos las decanaturas de Nutrici\u00f3n y de Qu\u00edmica y seguir liderando el estudio de expansi\u00f3n de la Universidad que se est\u00e1 analizando con el Ministerio de Educaci\u00f3n y que tiene como objetivo llevar la oferta de programas de la UDEA en el centro educativo construido en el municipio de Suan.<\/span><\/p>\n<p style=\"text-align: justify;\" align=\"justify\"><span lang=\"es\">Sobre este asunto, los integrantes del Consejo Superior determinaron, entregar a cada uno de sus miembros, un resumen de los informes del Ministerio de Educaci\u00f3n sobre la expansi\u00f3n de la Uniatl\u00e1ntico a trav\u00e9s de una nueva modalidad denominada seccional universitaria, para que los analicen con sumo detenimiento y debatir los alcances de este modelo, si se llegare a implementar para el Alma M\u00e1ter en esa poblaci\u00f3n del sur del Departamento.<\/span><\/p>\n<p align=\"justify\"><strong><span lang=\"es\">ASESOR\u00cdA DE COMUNICACIONES<\/span><\/strong><\/p>\n<p align=\"justify\"><strong><span lang=\"es\">GOBERNACI\u00d3N DEL ATL\u00c1NTICO<\/span><\/strong><\/p>\n","protected":false},"excerpt":{"rendered":"<p>Revisar el impacto financiero de los 82 casos de reintegro laboral que ordenan fallos judiciales contra la Universidad del Atl\u00e1ntico determin\u00f3 el Consejo Superior del Alma M\u00e1ter la tarde de hoy. El gobernador Eduardo Verano De La Rosa, en su calidad de presidente del Consejo Superior, inform\u00f3 que estas erogaciones ascienden a $1300 millones anuales.<\/p>\n","protected":false},"author":2,"featured_media":2136,"comment_status":"open","ping_status":"open","sticky":false,"template":"","format":"standard","meta":{"advanced_seo_description":"","jetpack_seo_html_title":"","jetpack_seo_noindex":false,"jetpack_post_was_ever_published":false,"_jetpack_newsletter_access":"","_jetpack_dont_email_post_to_subs":false,"_jetpack_newsletter_tier_id":0,"_jetpack_memberships_contains_paywalled_content":false,"_jetpack_memberships_contains_paid_content":false,"footnotes":"","jetpack_publicize_message":"","jetpack_publicize_feature_enabled":true,"jetpack_social_post_already_shared":true,"jetpack_social_options":{"image_generator_settings":{"template":"highway","default_image_id":0,"font":"","enabled":false},"version":2}},"categories":[2],"tags":[],"class_list":["post-2135","post","type-post","status-publish","format-standard","has-post-thumbnail","hentry","category-noticias"],"jetpack_publicize_connections":[],"jetpack_featured_media_url":"https:\/\/i0.wp.com\/sintradeua.org\/co\/wp-content\/uploads\/2016\/06\/ConsejoUniversidadAtlntico.jpg?fit=570%2C378&ssl=1","jetpack_sharing_enabled":true,"jetpack_shortlink":"https:\/\/wp.me\/paSj5R-yr","_links":{"self":[{"href":"https:\/\/sintradeua.org\/co\/wp-json\/wp\/v2\/posts\/2135","targetHints":{"allow":["GET"]}}],"collection":[{"href":"https:\/\/sintradeua.org\/co\/wp-json\/wp\/v2\/posts"}],"about":[{"href":"https:\/\/sintradeua.org\/co\/wp-json\/wp\/v2\/types\/post"}],"author":[{"embeddable":true,"href":"https:\/\/sintradeua.org\/co\/wp-json\/wp\/v2\/users\/2"}],"replies":[{"embeddable":true,"href":"https:\/\/sintradeua.org\/co\/wp-json\/wp\/v2\/comments?post=2135"}],"version-history":[{"count":0,"href":"https:\/\/sintradeua.org\/co\/wp-json\/wp\/v2\/posts\/2135\/revisions"}],"wp:featuredmedia":[{"embeddable":true,"href":"https:\/\/sintradeua.org\/co\/wp-json\/wp\/v2\/media\/2136"}],"wp:attachment":[{"href":"https:\/\/sintradeua.org\/co\/wp-json\/wp\/v2\/media?parent=2135"}],"wp:term":[{"taxonomy":"category","embeddable":true,"href":"https:\/\/sintradeua.org\/co\/wp-json\/wp\/v2\/categories?post=2135"},{"taxonomy":"post_tag","embeddable":true,"href":"https:\/\/sintradeua.org\/co\/wp-json\/wp\/v2\/tags?post=2135"}],"curies":[{"name":"wp","href":"https:\/\/api.w.org\/{rel}","templated":true}]}}