{"id":2118,"date":"2016-05-27T18:46:31","date_gmt":"2016-05-27T23:46:31","guid":{"rendered":"http:\/\/www.sintradeua.org\/home\/?p=2118"},"modified":"2016-05-27T18:48:45","modified_gmt":"2016-05-27T23:48:45","slug":"nombrados-alcaldes-locales-de-barranquilla","status":"publish","type":"post","link":"https:\/\/sintradeua.org\/co\/nombrados-alcaldes-locales-de-barranquilla\/","title":{"rendered":"Nombrados alcaldes locales de Barranquilla"},"content":{"rendered":"<p style=\"text-align: justify;\">El alcalde de Barranquilla, Alejandro Char, nombr\u00f3 este viernes los cinco alcaldes pertenecientes a cada una de las localidades del\u00a0 distrito. El mandatario tom\u00f3 la decisi\u00f3n teniendo en cuenta la preparaci\u00f3n de cada uno de ellos y el equilibrio de partidos al realizar los nombramientos.<!--more--><\/p>\n<p style=\"text-align: justify;\"><img data-recalc-dims=\"1\" loading=\"lazy\" decoding=\"async\" data-attachment-id=\"2119\" data-permalink=\"https:\/\/sintradeua.org\/co\/nombrados-alcaldes-locales-de-barranquilla\/alcaldes_menores_2\/\" data-orig-file=\"https:\/\/i0.wp.com\/sintradeua.org\/co\/wp-content\/uploads\/2016\/05\/alcaldes_menores_2.jpg?fit=610%2C400&amp;ssl=1\" data-orig-size=\"610,400\" data-comments-opened=\"1\" data-image-meta=\"{&quot;aperture&quot;:&quot;0&quot;,&quot;credit&quot;:&quot;&quot;,&quot;camera&quot;:&quot;&quot;,&quot;caption&quot;:&quot;&quot;,&quot;created_timestamp&quot;:&quot;0&quot;,&quot;copyright&quot;:&quot;&quot;,&quot;focal_length&quot;:&quot;0&quot;,&quot;iso&quot;:&quot;0&quot;,&quot;shutter_speed&quot;:&quot;0&quot;,&quot;title&quot;:&quot;&quot;,&quot;orientation&quot;:&quot;0&quot;}\" data-image-title=\"alcaldes_menores_2\" data-image-description=\"\" data-image-caption=\"\" data-large-file=\"https:\/\/i0.wp.com\/sintradeua.org\/co\/wp-content\/uploads\/2016\/05\/alcaldes_menores_2.jpg?fit=610%2C400&amp;ssl=1\" class=\"alignnone size-medium wp-image-2119\" src=\"https:\/\/i0.wp.com\/www.sintradeua.org\/co\/wp-content\/uploads\/2016\/05\/alcaldes_menores_2-300x197.jpg?resize=300%2C197\" alt=\"alcaldes_menores_2\" width=\"300\" height=\"197\" srcset=\"https:\/\/i0.wp.com\/sintradeua.org\/co\/wp-content\/uploads\/2016\/05\/alcaldes_menores_2.jpg?resize=300%2C197&amp;ssl=1 300w, https:\/\/i0.wp.com\/sintradeua.org\/co\/wp-content\/uploads\/2016\/05\/alcaldes_menores_2.jpg?w=610&amp;ssl=1 610w\" sizes=\"auto, (max-width: 300px) 100vw, 300px\" \/><\/p>\n<p style=\"text-align: justify;\">Los alcaldes locales nombrados pertenecen a los partidos Liberal, Cambio Radical, Conservador, Polo Democr\u00e1tico y uno independiente. Con esto se logra la pluralidad en la escogencia.<\/p>\n<p style=\"text-align: justify;\">Los alcaldes locales son los siguientes:<\/p>\n<p style=\"text-align: justify;\">Deivy Casseres Ca\u00f1ate, alcalde de la localidad Suroccidente.<\/p>\n<p style=\"text-align: justify;\">Mauricio Villafa\u00f1e Jabba, alcalde de la localidad Riomar.<\/p>\n<p style=\"text-align: justify;\">Ronald Gordillo Jim\u00e9nez, alcalde de la localidad Metropolitana.<\/p>\n<p style=\"text-align: justify;\">Ariel Camargo Calvo, alcalde de la localidad Suroriente.<\/p>\n<p style=\"text-align: justify;\">Irina Mart\u00ednez Polo,\u00a0alcalde de la localidad Norte &#8211; Centro Hist\u00f3rico.<\/p>\n<p style=\"text-align: justify;\">El alcalde expres\u00f3 que espera trabajar con ellos de la mano para ayudar a construir una Capital de Vida desde las localidades.<\/p>\n<p style=\"text-align: justify;\">\u201cNada m\u00e1s importante que nuestros alcaldes locales, son quienes conocen la realidad de cada barrio y sector, ellos son una pieza importante de la ciudad que estamos planeando y construyendo, espero poder trabajar de la mejor forma con cada uno de ellos, conozco su preparaci\u00f3n y ser\u00e1n muy valiosos\u201d, destac\u00f3 el mandatario barranquillero.<\/p>\n<p style=\"text-align: justify;\">El\u00a0 acto administrativo firmado por el alcalde rige a partir de su comunicaci\u00f3n y divulgaci\u00f3n.<\/p>\n","protected":false},"excerpt":{"rendered":"<p>El alcalde de Barranquilla, Alejandro Char, nombr\u00f3 este viernes los cinco alcaldes pertenecientes a cada una de las localidades del\u00a0 distrito. El mandatario tom\u00f3 la decisi\u00f3n teniendo en cuenta la preparaci\u00f3n de cada uno de ellos y el equilibrio de partidos al realizar los nombramientos.<\/p>\n","protected":false},"author":2,"featured_media":2119,"comment_status":"open","ping_status":"open","sticky":false,"template":"","format":"standard","meta":{"advanced_seo_description":"","jetpack_seo_html_title":"","jetpack_seo_noindex":false,"jetpack_post_was_ever_published":false,"_jetpack_newsletter_access":"","_jetpack_dont_email_post_to_subs":false,"_jetpack_newsletter_tier_id":0,"_jetpack_memberships_contains_paywalled_content":false,"_jetpack_memberships_contains_paid_content":false,"footnotes":"","jetpack_publicize_message":"","jetpack_publicize_feature_enabled":true,"jetpack_social_post_already_shared":true,"jetpack_social_options":{"image_generator_settings":{"template":"highway","default_image_id":0,"font":"","enabled":false},"version":2}},"categories":[2],"tags":[],"class_list":["post-2118","post","type-post","status-publish","format-standard","has-post-thumbnail","hentry","category-noticias"],"jetpack_publicize_connections":[],"jetpack_featured_media_url":"https:\/\/i0.wp.com\/sintradeua.org\/co\/wp-content\/uploads\/2016\/05\/alcaldes_menores_2.jpg?fit=610%2C400&ssl=1","jetpack_sharing_enabled":true,"jetpack_shortlink":"https:\/\/wp.me\/paSj5R-ya","_links":{"self":[{"href":"https:\/\/sintradeua.org\/co\/wp-json\/wp\/v2\/posts\/2118","targetHints":{"allow":["GET"]}}],"collection":[{"href":"https:\/\/sintradeua.org\/co\/wp-json\/wp\/v2\/posts"}],"about":[{"href":"https:\/\/sintradeua.org\/co\/wp-json\/wp\/v2\/types\/post"}],"author":[{"embeddable":true,"href":"https:\/\/sintradeua.org\/co\/wp-json\/wp\/v2\/users\/2"}],"replies":[{"embeddable":true,"href":"https:\/\/sintradeua.org\/co\/wp-json\/wp\/v2\/comments?post=2118"}],"version-history":[{"count":0,"href":"https:\/\/sintradeua.org\/co\/wp-json\/wp\/v2\/posts\/2118\/revisions"}],"wp:featuredmedia":[{"embeddable":true,"href":"https:\/\/sintradeua.org\/co\/wp-json\/wp\/v2\/media\/2119"}],"wp:attachment":[{"href":"https:\/\/sintradeua.org\/co\/wp-json\/wp\/v2\/media?parent=2118"}],"wp:term":[{"taxonomy":"category","embeddable":true,"href":"https:\/\/sintradeua.org\/co\/wp-json\/wp\/v2\/categories?post=2118"},{"taxonomy":"post_tag","embeddable":true,"href":"https:\/\/sintradeua.org\/co\/wp-json\/wp\/v2\/tags?post=2118"}],"curies":[{"name":"wp","href":"https:\/\/api.w.org\/{rel}","templated":true}]}}