{"id":2112,"date":"2016-05-27T11:29:30","date_gmt":"2016-05-27T16:29:30","guid":{"rendered":"http:\/\/www.sintradeua.org\/home\/?p=2112"},"modified":"2016-05-27T11:29:30","modified_gmt":"2016-05-27T16:29:30","slug":"u-de-medellin-la-cuna-de-campanas-politicas-y-compra-de-votos","status":"publish","type":"post","link":"https:\/\/sintradeua.org\/co\/u-de-medellin-la-cuna-de-campanas-politicas-y-compra-de-votos\/","title":{"rendered":"U. de Medell\u00edn: la cuna de campa\u00f1as pol\u00edticas y compra de votos\u2019"},"content":{"rendered":"<p style=\"text-align: justify;\"><img data-recalc-dims=\"1\" loading=\"lazy\" decoding=\"async\" data-attachment-id=\"2115\" data-permalink=\"https:\/\/sintradeua.org\/co\/u-de-medellin-la-cuna-de-campanas-politicas-y-compra-de-votos\/um\/\" data-orig-file=\"https:\/\/i0.wp.com\/sintradeua.org\/co\/wp-content\/uploads\/2016\/05\/UM.jpg?fit=640%2C280&amp;ssl=1\" data-orig-size=\"640,280\" data-comments-opened=\"1\" data-image-meta=\"{&quot;aperture&quot;:&quot;0&quot;,&quot;credit&quot;:&quot;&quot;,&quot;camera&quot;:&quot;&quot;,&quot;caption&quot;:&quot;&quot;,&quot;created_timestamp&quot;:&quot;0&quot;,&quot;copyright&quot;:&quot;&quot;,&quot;focal_length&quot;:&quot;0&quot;,&quot;iso&quot;:&quot;0&quot;,&quot;shutter_speed&quot;:&quot;0&quot;,&quot;title&quot;:&quot;&quot;,&quot;orientation&quot;:&quot;1&quot;}\" data-image-title=\"UM\" data-image-description=\"\" data-image-caption=\"\" data-large-file=\"https:\/\/i0.wp.com\/sintradeua.org\/co\/wp-content\/uploads\/2016\/05\/UM.jpg?fit=640%2C280&amp;ssl=1\" class=\"alignnone size-medium wp-image-2115\" src=\"https:\/\/i0.wp.com\/www.sintradeua.org\/co\/wp-content\/uploads\/2016\/05\/UM-300x131.jpg?resize=300%2C131\" alt=\"UM\" width=\"300\" height=\"131\" srcset=\"https:\/\/i0.wp.com\/sintradeua.org\/co\/wp-content\/uploads\/2016\/05\/UM.jpg?resize=300%2C131&amp;ssl=1 300w, https:\/\/i0.wp.com\/sintradeua.org\/co\/wp-content\/uploads\/2016\/05\/UM.jpg?w=640&amp;ssl=1 640w\" sizes=\"auto, (max-width: 300px) 100vw, 300px\" \/><\/p>\n<p style=\"text-align: justify;\"><strong><span style=\"color: #008000;\">Este es un espacio de expresi\u00f3n libre e independiente que refleja exclusivamente los puntos de vista de los autores y no compromete el pensamiento ni la opini\u00f3n de Sintradeua.<\/span><\/strong><\/p>\n<p style=\"text-align: justify;\">Por: <strong>Sebasti\u00e1n Cano Botero<\/strong><\/p>\n<p style=\"text-align: justify;\"><strong>Un egresado desnuda las presuntas irregularidades y manipulaci\u00f3n de esta instituci\u00f3n<\/strong><!--more--><\/p>\n<p style=\"text-align: justify;\">La Universidad de Medell\u00edn pas\u00f3 de ser una prestigiosa instituci\u00f3n en la capital de Antioquia y en\u00a0Colombia, a convertirse en un directorio pol\u00edtico\u00a0encabezado por el rector N\u00e9stor Hincapi\u00e9 y la concejal Aura Marleny Arcila, que presta sus servicios al Partido Liberal. Estos dos personajes\u00a0se han dedicado a mover sus fichas en la administraci\u00f3n de Medell\u00edn, en especial en la Personer\u00eda Municipal. Fue as\u00ed como esta alma m\u00e1ter\u00a0se convirti\u00f3 en un lugar\u00a0donde se benefician campa\u00f1as pol\u00edticas, en especial la de la presidenta de la conciliatura,\u00a0la concejal\u00a0mencionada y del diputado de Antoquia, Hern\u00e1n Torres, mediante presiones a estudiantes, profesores y empleados.<\/p>\n<p style=\"text-align: justify;\">Esto es bastante delicado puesto que\u00a0la Universidad de Medell\u00edn tiene como fundamento ser una instituci\u00f3n\u00a0sin \u00e1nimo de lucro y de propiedad de todos los egresados, lo cual en el papel es cierto pero en la pr\u00e1ctica es falso. Las decisiones presupuestales y relevantes las toma un grupo denominado <em>el Grupo de los 100<\/em>, manejado, en su mayor\u00eda, por personas allegadas al rector\u00a0N\u00e9stor Hincapi\u00e9 y quienes tienen alg\u00fan v\u00ednculo laboral o contratos con la Universidad de Medell\u00edn, que\u00a0solo sirven a beneficios pol\u00edticos y econ\u00f3micos.<\/p>\n<div class=\"code-block code-block-1\" style=\"text-align: justify;\">\u00a0No deja de ser curioso que el se\u00f1or N\u00e9stor Hincapi\u00e9 Vargas tenga un total de 23 inmuebles a su nombre:\u00a012 en Medell\u00edn, 9 en el Pe\u00f1ol, uno en Girardota y otro\u00a0en Cartagena, en el barrio Bocagrande.<\/div>\n<p style=\"text-align: justify;\">A la Universidad de Medell\u00edn le prestan los servicios de aseo y de personal temporal dos empresas: Serconal y Seiso. Ambas tienen ciertas particularidades en com\u00fan: su Representante Legal es Hugo Nicol\u00e1s Usme Hoyos y las dos\u00a0tienen como revisor fiscal a Stella Saba L\u00f3pez. Si miramos, la se\u00f1ora \u00a0Saba es la vicerrectora financiera de la Universidad de Medell\u00edn y el se\u00f1or Nicol\u00e1s es el hermano de la Secretaria de Stella Saba (Magaly Usme). En otras palabras, la se\u00f1ora Stella Saba por una parte paga y por la otra parte revisa tremendo\u00a0control al dinero de la Universidad y Hugo Nicol\u00e1s es del municipio de El Pe\u00f1ol (de donde es el Rector).<\/p>\n<p style=\"text-align: justify;\">Pero si quieren seguir sumando, anoten que Seiso SAS fue constituida por la universidad de Medell\u00edn, es decir, el due\u00f1o de Seiso es esta instituci\u00f3n. \u00bfSe preguntar\u00e1n para qu\u00e9? Pues las empresas prestan los servicios a la universidad y la misma pone el precio y controla todo. Con esas empresas pagan a varios de los votantes, por ejemplo, con la promesa de empleo. Todo sin contar con los artificios contables para los que se prestan este tipo de estructuras. Pero si quieren seguir sumando, Seiso cuenta con al menos tres contratos con la Personer\u00eda de Medell\u00edn (SUBI-2014-3, 016-2012 y 008-2012) y Serconal al menos con uno en la Contralor\u00eda (SA 001-2010), ambas instituciones controladas por el Grupo Pol\u00edtico de la universidad de Medellin.<\/p>\n<p style=\"text-align: justify;\">En varios correos que est\u00e1n manos de las autoridades se observa c\u00f3mo profesores le dicen a sus estudiantes que por asistir a un evento de campa\u00f1a en la Universidad de Medell\u00edn (casa del egresado) pueden obtener beneficios acad\u00e9micos en la materia que imparten. Cada 4 a\u00f1os se volvi\u00f3 algo com\u00fan en esta instituci\u00f3n:<\/p>\n<p style=\"text-align: justify;\"><a href=\"https:\/\/i0.wp.com\/www.las2orillas.co\/wp-content\/uploads\/2016\/04\/umedellin.png\"><img data-recalc-dims=\"1\" loading=\"lazy\" decoding=\"async\" class=\" size-large wp-image-143564 aligncenter\" src=\"https:\/\/i0.wp.com\/www.las2orillas.co\/wp-content\/uploads\/2016\/04\/umedellin-700x379.png?resize=640%2C347\" alt=\"umedellin\" width=\"640\" height=\"347\" \/><\/a><\/p>\n<p style=\"text-align: justify;\">De forma directa, el grupo pol\u00edtico de esta instituci\u00f3n aval\u00f3 a 18 candidatos a alcald\u00edas Municipales de Antioquia. De esas 18 aspiraciones lograron ganar en 7 Municipios. Por otra parte, la Universidad de Medell\u00edn realiza el concurso p\u00fablico de m\u00e9ritos para el proceso de selecci\u00f3n de personeros en tambi\u00e9n 18 municipios. Si se analiza, el Grupo Pol\u00edtico Udem gan\u00f3 las Alcald\u00edas de 2 municipios donde tambi\u00e9n participan en el proceso de selecci\u00f3n de Personeros (Venecia y Brice\u00f1o) \u00bfNo es extra\u00f1o que la instituci\u00f3n encargada de realizar los ex\u00e1menes para el concurso abierto de m\u00e9ritos de personeros tenga inter\u00e9s directo en nombrarlos? \u00bfSer\u00e1 que hay garant\u00edas donde un concurso p\u00fablico es hecho por pol\u00edticos? Y no olviden que hoy d\u00eda la Personer\u00eda de Medell\u00edn es controlada por el Grupo Pol\u00edtico Udem.<\/p>\n<p style=\"text-align: justify;\">Tambi\u00e9n, el rector presiona a los profesores para que entreguen listas con posibles votantes a cambio de mantener su\u00a0plaza como docentes. Esto ha generado que el nivel acad\u00e9mico sea nefasto en la universidad, ya que muchas veces se contratan docentes con poca capacidad pero con muchos votos. Lo anterior es muy com\u00fan en la facultad de Derecho donde existe una espacie de subgrupo pol\u00edtico manejado por la vicedecana Yolanda, quien decidi\u00f3 contratar un grupo de j\u00f3venes como docentes sin experiencia en el sector jur\u00eddico,\u00a0solo por haber ayudado en la campa\u00f1a de Aura Marleny y Hern\u00e1n Torres. Y\u00a0a los que no pudieron vincular a la Universidad de Medellin, los contrataron en la personer\u00eda de Medellin.<\/p>\n<p style=\"text-align: justify;\"><a href=\"https:\/\/i0.wp.com\/www.las2orillas.co\/wp-content\/uploads\/2016\/04\/umedellin2.png\"><img data-recalc-dims=\"1\" loading=\"lazy\" decoding=\"async\" class=\" size-large wp-image-143572 aligncenter\" src=\"https:\/\/i0.wp.com\/www.las2orillas.co\/wp-content\/uploads\/2016\/04\/umedellin2-700x338.png?resize=640%2C309\" alt=\"umedellin2\" width=\"640\" height=\"309\" \/><\/a><\/p>\n<p style=\"text-align: justify;\">La Vicedecana de la universidad manifiest\u00f3 a trav\u00e9s de\u00a0Whatsapp y durante las pasadas elecciones:\u00a0\u201cJ\u00f3venes integrantes del GRUPO LOS JUR\u00cdDICOS, el jueves 16 de julio de 2016 a las 12:00 horas nos reuniremos a almorzar un delicioso plato en la Casa del Egresado de la U de M., Es una oportunidad para que conversemos con el rector, no sea t\u00edmido, arr\u00edmesele a saludarlo, que sepa que usted integra el grupo que va a apoyar el proyecto pol\u00edtico que \u00e9l lidera. VAMOS, ES UN MOMENTO HIST\u00d3RICO EN LA VIDA DE LA UNIVERSIDAD, DE LA CIUDAD, DEL DEPARTAMENTO Y SUYA, PORQUE EN UN FUTURO CERCANO, SER\u00c1 POR USTED POR QUIEN ESTAREMOS DANDO UNA LUCHA. Muchas gracias. Yolanda Cossio Rinc\u00f3n.\u201d<\/p>\n<p style=\"text-align: justify;\">El mensaje sali\u00f3 del celular 300 5654515<\/p>\n<p style=\"text-align: justify;\">Como si fuera poco, tambi\u00e9n se ha denunciado que en la facultad de Derecho de la Universidad de Medell\u00edn se presiona sexualmente a las alumnas por parte de los profesores a cambio de notas.<\/p>\n<p style=\"text-align: justify;\">Los \u00faltimos rankings publicados en\u00a0el\u00a02015 sobre las mejores universidades del pa\u00eds, muestran que la UDEM ni siquiera alcanz\u00f3 a estar entre los 20 primeros lugares. En el r\u00e1nking del Ministerio de Educaci\u00f3n ocup\u00f3 el puesto 24 y en el de Scimago alcanz\u00f3 el puesto 38. Ellos se defienden diciendo que est\u00e1n acreditados, pero la acreditaci\u00f3n no es caballo de batalla: era una obligaci\u00f3n para nuestra universidad si se tiene en cuenta el campus, el presupuesto anual y el trasfondo hist\u00f3rico.<\/p>\n","protected":false},"excerpt":{"rendered":"<p>Este es un espacio de expresi\u00f3n libre e independiente que refleja exclusivamente los puntos de vista de los autores y no compromete el pensamiento ni la opini\u00f3n de Sintradeua. Por: Sebasti\u00e1n Cano Botero Un egresado desnuda las presuntas irregularidades y manipulaci\u00f3n de esta instituci\u00f3n<\/p>\n","protected":false},"author":2,"featured_media":2115,"comment_status":"open","ping_status":"open","sticky":false,"template":"","format":"standard","meta":{"advanced_seo_description":"","jetpack_seo_html_title":"","jetpack_seo_noindex":false,"jetpack_post_was_ever_published":false,"_jetpack_newsletter_access":"","_jetpack_dont_email_post_to_subs":false,"_jetpack_newsletter_tier_id":0,"_jetpack_memberships_contains_paywalled_content":false,"_jetpack_memberships_contains_paid_content":false,"footnotes":"","jetpack_publicize_message":"","jetpack_publicize_feature_enabled":true,"jetpack_social_post_already_shared":true,"jetpack_social_options":{"image_generator_settings":{"template":"highway","default_image_id":0,"font":"","enabled":false},"version":2}},"categories":[2],"tags":[],"class_list":["post-2112","post","type-post","status-publish","format-standard","has-post-thumbnail","hentry","category-noticias"],"jetpack_publicize_connections":[],"jetpack_featured_media_url":"https:\/\/i0.wp.com\/sintradeua.org\/co\/wp-content\/uploads\/2016\/05\/UM.jpg?fit=640%2C280&ssl=1","jetpack_sharing_enabled":true,"jetpack_shortlink":"https:\/\/wp.me\/paSj5R-y4","_links":{"self":[{"href":"https:\/\/sintradeua.org\/co\/wp-json\/wp\/v2\/posts\/2112","targetHints":{"allow":["GET"]}}],"collection":[{"href":"https:\/\/sintradeua.org\/co\/wp-json\/wp\/v2\/posts"}],"about":[{"href":"https:\/\/sintradeua.org\/co\/wp-json\/wp\/v2\/types\/post"}],"author":[{"embeddable":true,"href":"https:\/\/sintradeua.org\/co\/wp-json\/wp\/v2\/users\/2"}],"replies":[{"embeddable":true,"href":"https:\/\/sintradeua.org\/co\/wp-json\/wp\/v2\/comments?post=2112"}],"version-history":[{"count":0,"href":"https:\/\/sintradeua.org\/co\/wp-json\/wp\/v2\/posts\/2112\/revisions"}],"wp:featuredmedia":[{"embeddable":true,"href":"https:\/\/sintradeua.org\/co\/wp-json\/wp\/v2\/media\/2115"}],"wp:attachment":[{"href":"https:\/\/sintradeua.org\/co\/wp-json\/wp\/v2\/media?parent=2112"}],"wp:term":[{"taxonomy":"category","embeddable":true,"href":"https:\/\/sintradeua.org\/co\/wp-json\/wp\/v2\/categories?post=2112"},{"taxonomy":"post_tag","embeddable":true,"href":"https:\/\/sintradeua.org\/co\/wp-json\/wp\/v2\/tags?post=2112"}],"curies":[{"name":"wp","href":"https:\/\/api.w.org\/{rel}","templated":true}]}}