{"id":2106,"date":"2016-05-27T10:40:56","date_gmt":"2016-05-27T15:40:56","guid":{"rendered":"http:\/\/www.sintradeua.org\/home\/?p=2106"},"modified":"2016-05-27T10:45:35","modified_gmt":"2016-05-27T15:45:35","slug":"el-gobierno-nacional-solo-pagara-unos-cupos-para-la-opereacion-de-la-nueva-universidad-en-suan-advirtio-viceministra-de-educacion","status":"publish","type":"post","link":"https:\/\/sintradeua.org\/co\/el-gobierno-nacional-solo-pagara-unos-cupos-para-la-opereacion-de-la-nueva-universidad-en-suan-advirtio-viceministra-de-educacion\/","title":{"rendered":"EL Gobierno nacional solo pagara unos cupos para la opereaci\u00f3n de la nueva Universidad en Su\u00e1n, advirtio Viceministra de Educacion"},"content":{"rendered":"<p style=\"text-align: justify;\"><img data-recalc-dims=\"1\" loading=\"lazy\" decoding=\"async\" data-attachment-id=\"2107\" data-permalink=\"https:\/\/sintradeua.org\/co\/el-gobierno-nacional-solo-pagara-unos-cupos-para-la-opereacion-de-la-nueva-universidad-en-suan-advirtio-viceministra-de-educacion\/l\/\" data-orig-file=\"https:\/\/i0.wp.com\/sintradeua.org\/co\/wp-content\/uploads\/2016\/05\/L.jpg?fit=900%2C627&amp;ssl=1\" data-orig-size=\"900,627\" data-comments-opened=\"1\" data-image-meta=\"{&quot;aperture&quot;:&quot;0&quot;,&quot;credit&quot;:&quot;&quot;,&quot;camera&quot;:&quot;&quot;,&quot;caption&quot;:&quot;&quot;,&quot;created_timestamp&quot;:&quot;0&quot;,&quot;copyright&quot;:&quot;&quot;,&quot;focal_length&quot;:&quot;0&quot;,&quot;iso&quot;:&quot;0&quot;,&quot;shutter_speed&quot;:&quot;0&quot;,&quot;title&quot;:&quot;&quot;,&quot;orientation&quot;:&quot;0&quot;}\" data-image-title=\"L\" data-image-description=\"\" data-image-caption=\"\" data-large-file=\"https:\/\/i0.wp.com\/sintradeua.org\/co\/wp-content\/uploads\/2016\/05\/L.jpg?fit=640%2C446&amp;ssl=1\" class=\"alignnone size-medium wp-image-2107\" src=\"https:\/\/i0.wp.com\/www.sintradeua.org\/co\/wp-content\/uploads\/2016\/05\/L-300x209.jpg?resize=300%2C209\" alt=\"L\" width=\"300\" height=\"209\" srcset=\"https:\/\/i0.wp.com\/sintradeua.org\/co\/wp-content\/uploads\/2016\/05\/L.jpg?resize=300%2C209&amp;ssl=1 300w, https:\/\/i0.wp.com\/sintradeua.org\/co\/wp-content\/uploads\/2016\/05\/L.jpg?resize=800%2C557&amp;ssl=1 800w, https:\/\/i0.wp.com\/sintradeua.org\/co\/wp-content\/uploads\/2016\/05\/L.jpg?w=900&amp;ssl=1 900w\" sizes=\"auto, (max-width: 300px) 100vw, 300px\" \/><\/p>\n<p style=\"text-align: justify;\">POR JORGE ROLONG<\/p>\n<p style=\"text-align: justify;\"><em><strong>\u00abMinisterio de\u00a0Educaci\u00f3n\u00a0acompa\u00f1a proceso para que Uniatlantico asuma la sede de la Universidad en Su\u00e1n\u00bb<\/strong><\/em><\/p>\n<p style=\"text-align: justify;\">La viceministra de Educaci\u00f3n, Natalia Ariza, advirti\u00f3 que el Consejo Superior y el Comit\u00e9 de la Ley 550 deben determinar si la Universidad del Atl\u00e1ntico puede asumir el proyecto de la Universidad del Sur en el municipio de Su\u00e1n.<!--more--><\/p>\n<p style=\"text-align: justify;\">Aclar\u00f3 que las directivas de esa instituci\u00f3n deben poner esta iniciativa dentro de su \u201cplaneaci\u00f3n financiera\u201d y firme el convenio con la Gobernaci\u00f3n del Atl\u00e1ntico para que garantice sus recursos para el funcionamiento la Universidad del Sur.<\/p>\n<p style=\"text-align: justify;\">\u201cEl Ministerio de Educaci\u00f3n tiene la voluntad pol\u00edtica para apoyar este proyecto entre la Gobernaci\u00f3n y la Universidad del Atl\u00e1ntico\u201d, afirm\u00f3 la viceministra de Educaci\u00f3n.<\/p>\n<p style=\"text-align: justify;\">Natalia Ariza insisti\u00f3 que la Uniatl\u00e1ntico debe realizar el esfuerzo financiero para asumir la Universidad del Sur, advirtiendo que el Gobierno Nacional le pagar\u00e1 unos cupos para la operaci\u00f3n de la nueva universidad en Su\u00e1n.<\/p>\n","protected":false},"excerpt":{"rendered":"<p>POR JORGE ROLONG \u00abMinisterio de\u00a0Educaci\u00f3n\u00a0acompa\u00f1a proceso para que Uniatlantico asuma la sede de la Universidad en Su\u00e1n\u00bb La viceministra de Educaci\u00f3n, Natalia Ariza, advirti\u00f3 que el Consejo Superior y el Comit\u00e9 de la Ley 550 deben determinar si la Universidad del Atl\u00e1ntico puede asumir el proyecto de la Universidad del Sur en el municipio de&#8230;<\/p>\n","protected":false},"author":2,"featured_media":2107,"comment_status":"open","ping_status":"open","sticky":false,"template":"","format":"standard","meta":{"advanced_seo_description":"","jetpack_seo_html_title":"","jetpack_seo_noindex":false,"jetpack_post_was_ever_published":false,"_jetpack_newsletter_access":"","_jetpack_dont_email_post_to_subs":false,"_jetpack_newsletter_tier_id":0,"_jetpack_memberships_contains_paywalled_content":false,"_jetpack_memberships_contains_paid_content":false,"footnotes":"","jetpack_publicize_message":"","jetpack_publicize_feature_enabled":true,"jetpack_social_post_already_shared":true,"jetpack_social_options":{"image_generator_settings":{"template":"highway","default_image_id":0,"font":"","enabled":false},"version":2}},"categories":[2],"tags":[],"class_list":["post-2106","post","type-post","status-publish","format-standard","has-post-thumbnail","hentry","category-noticias"],"jetpack_publicize_connections":[],"jetpack_featured_media_url":"https:\/\/i0.wp.com\/sintradeua.org\/co\/wp-content\/uploads\/2016\/05\/L.jpg?fit=900%2C627&ssl=1","jetpack_sharing_enabled":true,"jetpack_shortlink":"https:\/\/wp.me\/paSj5R-xY","_links":{"self":[{"href":"https:\/\/sintradeua.org\/co\/wp-json\/wp\/v2\/posts\/2106","targetHints":{"allow":["GET"]}}],"collection":[{"href":"https:\/\/sintradeua.org\/co\/wp-json\/wp\/v2\/posts"}],"about":[{"href":"https:\/\/sintradeua.org\/co\/wp-json\/wp\/v2\/types\/post"}],"author":[{"embeddable":true,"href":"https:\/\/sintradeua.org\/co\/wp-json\/wp\/v2\/users\/2"}],"replies":[{"embeddable":true,"href":"https:\/\/sintradeua.org\/co\/wp-json\/wp\/v2\/comments?post=2106"}],"version-history":[{"count":0,"href":"https:\/\/sintradeua.org\/co\/wp-json\/wp\/v2\/posts\/2106\/revisions"}],"wp:featuredmedia":[{"embeddable":true,"href":"https:\/\/sintradeua.org\/co\/wp-json\/wp\/v2\/media\/2107"}],"wp:attachment":[{"href":"https:\/\/sintradeua.org\/co\/wp-json\/wp\/v2\/media?parent=2106"}],"wp:term":[{"taxonomy":"category","embeddable":true,"href":"https:\/\/sintradeua.org\/co\/wp-json\/wp\/v2\/categories?post=2106"},{"taxonomy":"post_tag","embeddable":true,"href":"https:\/\/sintradeua.org\/co\/wp-json\/wp\/v2\/tags?post=2106"}],"curies":[{"name":"wp","href":"https:\/\/api.w.org\/{rel}","templated":true}]}}