{"id":2099,"date":"2016-05-26T17:54:18","date_gmt":"2016-05-26T22:54:18","guid":{"rendered":"http:\/\/www.sintradeua.org\/home\/?p=2099"},"modified":"2016-05-26T18:01:21","modified_gmt":"2016-05-26T23:01:21","slug":"editorial-sintradeua-5","status":"publish","type":"post","link":"https:\/\/sintradeua.org\/co\/editorial-sintradeua-5\/","title":{"rendered":"Rector de la Universidad Nacional opina que la Educacion Superior y la universidad no funcionan como el ejercito, no se necesita tener presencia  en los municipios para incidir en esas zonas"},"content":{"rendered":"<h1 style=\"text-align: justify;\"><img data-recalc-dims=\"1\" loading=\"lazy\" decoding=\"async\" data-attachment-id=\"2101\" data-permalink=\"https:\/\/sintradeua.org\/co\/editorial-sintradeua-5\/d\/\" data-orig-file=\"https:\/\/i0.wp.com\/sintradeua.org\/co\/wp-content\/uploads\/2016\/05\/D.jpg?fit=299%2C168&amp;ssl=1\" data-orig-size=\"299,168\" data-comments-opened=\"1\" data-image-meta=\"{&quot;aperture&quot;:&quot;0&quot;,&quot;credit&quot;:&quot;&quot;,&quot;camera&quot;:&quot;&quot;,&quot;caption&quot;:&quot;&quot;,&quot;created_timestamp&quot;:&quot;0&quot;,&quot;copyright&quot;:&quot;&quot;,&quot;focal_length&quot;:&quot;0&quot;,&quot;iso&quot;:&quot;0&quot;,&quot;shutter_speed&quot;:&quot;0&quot;,&quot;title&quot;:&quot;&quot;,&quot;orientation&quot;:&quot;0&quot;}\" data-image-title=\"D\" data-image-description=\"\" data-image-caption=\"\" data-large-file=\"https:\/\/i0.wp.com\/sintradeua.org\/co\/wp-content\/uploads\/2016\/05\/D.jpg?fit=299%2C168&amp;ssl=1\" class=\"alignnone size-full wp-image-2101\" src=\"https:\/\/i0.wp.com\/www.sintradeua.org\/co\/wp-content\/uploads\/2016\/05\/D.jpg?resize=299%2C168\" alt=\"D\" width=\"299\" height=\"168\" \/><\/h1>\n<p><strong>\u00abAL PA\u00cdS LE HACE FALTA DESARROLLAR PROGRAMAS DE PASANT\u00cdAS POSDOCTORALES: RECTOR U.NACIONAL\u00bb<\/strong><!--more--><\/p>\n<p style=\"text-align: justify;\">Durante este lunes el actual rector de la Universidad Nacional de Colombia, Ignacio Mantilla, cumpli\u00f3 su cuarto a\u00f1o al frente de la m\u00e1s importante universidad p\u00fablica del pa\u00eds.<\/p>\n<p style=\"text-align: justify;\">Bajo su rector\u00eda, la Nacional \u2018conmemor\u00f3\u2019 en mayo el haber transcurrido m\u00e1s de un a\u00f1o sin tener altercados, bloqueos o movilizaciones que usualmente llegan a forzar la suspensi\u00f3n de las actividades acad\u00e9micas. Tambi\u00e9n se encuentra a la expectativa por la gradual apertura del primer hospital universitario en sus 150 a\u00f1os de historia, que fue anunciado hace unos meses.<\/p>\n<p style=\"text-align: justify;\">Es debido a esto que el rector Mantilla particip\u00f3 en esta edici\u00f3n de \u00abPregunta Yamid\u00bb para hacer un balance de su gesti\u00f3n y los principales retos que la Universidad Nacional afrontar\u00e1 en los siguientes a\u00f1os. El rector coment\u00f3 abiertamente que descartar\u00e1 aspirar o buscar mecanismos para seguir en el cargo cuando culmine su t\u00e9rmino.<\/p>\n<p style=\"text-align: justify;\">Seg\u00fan lo indic\u00f3, un estimado de 54 mil estudiantes se encuentra actualmente en la Nacional. De estos 9 mil pertenecen a los programas de posgrado, y un poco m\u00e1s de 1000 est\u00e1n cursando doctorados. \u2018El 46% de nuestros profesores tiene doctorado, pero esperamos que esa cifra llegue al 100% en el 2025\u2019, dijo.<\/p>\n<p style=\"text-align: justify;\">Sin embargo, son alrededor de 120 mil los bachilleres que se postulan anualmente a la Universidad, de los cuales \u2019apenas\u2019 ingresan 12 mil. \u2018Las instituciones de mala calidad aprovechan esa situaci\u00f3n\u2019, dijo, aludiendo a los miles de estudiantes que a\u00f1o por a\u00f1o quedan fuera de las aspiraciones por la alta competencia para entrar y terminan en universidades de garaje.<\/p>\n<p style=\"text-align: justify;\">A pesar de esas cifras, el rector cree que la soluci\u00f3n para aumentar la cobertura no est\u00e1 en aumentar indiscriminadamente los cupos, porque desfasar\u00eda al n\u00famero de profesores. Para Mantilla, incrementar la presencia f\u00edsica en las regiones tampoco es la estrategia adecuada.<\/p>\n<p style=\"text-align: justify;\"><strong>\u2018La educaci\u00f3n superior y la Universidad no funcionan como el Ej\u00e9rcito, no necesita tener presencia en todos los municipios para incidir en esas zonas\u2019 coment\u00f3, al indicar que \u00fanicamente 98 municipios del pa\u00eds (de \u200e1123) no han presentado aspirantes a la Universidad durante el a\u00f1o.<\/strong><\/p>\n<p style=\"text-align: justify;\">Mantilla considera que el principal problema que atraviesa el estudiantado de la Universidad es \u2018la falta de unas condiciones de bienestar que les permita dedicarse enteramente a sus estudios\u2019.<\/p>\n<p style=\"text-align: justify;\">El rector indic\u00f3 que actualmente se destina 10% del presupuesto a programas de bienestar, pero cree que se necesita una soluci\u00f3n m\u00e1s concreta, a lo que expreso que ya se est\u00e1n adelantando di\u00e1logos con el Ministerio de Vivienda sobre la posibilidad de volver a implementar residencias universitarias.<\/p>\n<p style=\"text-align: justify;\">\u2018La Nacional tuvo vivienda universitaria hasta el a\u00f1o 84, creemos que hoy en d\u00eda se podr\u00eda proponer un modelo distinto\u2019, expres\u00f3, al se\u00f1alar que tambi\u00e9n har\u00e1n falta recursos para el mantenimiento y subsidios de estas residencias.<\/p>\n<p>&lt;<\/p>\n<p>p style=\u00bbtext-align: justify;\u00bb>La situaci\u00f3n de microtr\u00e1fico en las universidades, el nuevo hospital universitario en la antigua sede de la Cl\u00ednica Santa Rosa y reflexiones sobre c\u00f3mo debe ser el perfil de su sucesor fueron algunos de los otros temas abordados por el rector Mantilla.<\/p>\n","protected":false},"excerpt":{"rendered":"<p>\u00abAL PA\u00cdS LE HACE FALTA DESARROLLAR PROGRAMAS DE PASANT\u00cdAS POSDOCTORALES: RECTOR U.NACIONAL\u00bb<\/p>\n","protected":false},"author":2,"featured_media":2101,"comment_status":"open","ping_status":"open","sticky":false,"template":"","format":"standard","meta":{"advanced_seo_description":"","jetpack_seo_html_title":"","jetpack_seo_noindex":false,"jetpack_post_was_ever_published":false,"_jetpack_newsletter_access":"","_jetpack_dont_email_post_to_subs":false,"_jetpack_newsletter_tier_id":0,"_jetpack_memberships_contains_paywalled_content":false,"_jetpack_memberships_contains_paid_content":false,"footnotes":"","jetpack_publicize_message":"","jetpack_publicize_feature_enabled":true,"jetpack_social_post_already_shared":true,"jetpack_social_options":{"image_generator_settings":{"template":"highway","default_image_id":0,"font":"","enabled":false},"version":2}},"categories":[2],"tags":[],"class_list":["post-2099","post","type-post","status-publish","format-standard","has-post-thumbnail","hentry","category-noticias"],"jetpack_publicize_connections":[],"jetpack_featured_media_url":"https:\/\/i0.wp.com\/sintradeua.org\/co\/wp-content\/uploads\/2016\/05\/D.jpg?fit=299%2C168&ssl=1","jetpack_sharing_enabled":true,"jetpack_shortlink":"https:\/\/wp.me\/paSj5R-xR","_links":{"self":[{"href":"https:\/\/sintradeua.org\/co\/wp-json\/wp\/v2\/posts\/2099","targetHints":{"allow":["GET"]}}],"collection":[{"href":"https:\/\/sintradeua.org\/co\/wp-json\/wp\/v2\/posts"}],"about":[{"href":"https:\/\/sintradeua.org\/co\/wp-json\/wp\/v2\/types\/post"}],"author":[{"embeddable":true,"href":"https:\/\/sintradeua.org\/co\/wp-json\/wp\/v2\/users\/2"}],"replies":[{"embeddable":true,"href":"https:\/\/sintradeua.org\/co\/wp-json\/wp\/v2\/comments?post=2099"}],"version-history":[{"count":0,"href":"https:\/\/sintradeua.org\/co\/wp-json\/wp\/v2\/posts\/2099\/revisions"}],"wp:featuredmedia":[{"embeddable":true,"href":"https:\/\/sintradeua.org\/co\/wp-json\/wp\/v2\/media\/2101"}],"wp:attachment":[{"href":"https:\/\/sintradeua.org\/co\/wp-json\/wp\/v2\/media?parent=2099"}],"wp:term":[{"taxonomy":"category","embeddable":true,"href":"https:\/\/sintradeua.org\/co\/wp-json\/wp\/v2\/categories?post=2099"},{"taxonomy":"post_tag","embeddable":true,"href":"https:\/\/sintradeua.org\/co\/wp-json\/wp\/v2\/tags?post=2099"}],"curies":[{"name":"wp","href":"https:\/\/api.w.org\/{rel}","templated":true}]}}