{"id":2064,"date":"2016-05-22T10:20:34","date_gmt":"2016-05-22T15:20:34","guid":{"rendered":"http:\/\/www.sintradeua.org\/home\/?p=2064"},"modified":"2016-05-22T10:20:34","modified_gmt":"2016-05-22T15:20:34","slug":"para-poder-existir-universidad-del-sur-requiere-dinero-y-concertacion-politica","status":"publish","type":"post","link":"https:\/\/sintradeua.org\/co\/para-poder-existir-universidad-del-sur-requiere-dinero-y-concertacion-politica\/","title":{"rendered":"Para poder existir, Universidad del Sur requiere dinero y concertaci\u00f3n pol\u00edtica"},"content":{"rendered":"<p style=\"text-align: justify;\">\u00a0<\/p>\n<p style=\"text-align: justify;\">Mayo 22\/16 La llamada por la gobernaci\u00f3n Universidad del Sur, de la Universidad del Atl\u00e1ntico en el municipio de Suan, a\u00fan no se sabe exactamente si es un Ceres, una extensi\u00f3n, una nueva universidad o una alianza de IES. Lo cierto es que a cinco meses de inaugurada no ha podido arrancar formalmente y aunque el gobernador del departamente, Eduardo Verano de la Rosa, se reuni\u00f3 con Mineducaci\u00f3n para buscar salidas e intentar iniciar operaciones en julio pr\u00f3ximo, la idea tiene sus contradictores y deber\u00e1 sortear el Consejo Superior de la Universidad, en donde varios de sus integrantes consideran que la idea se volvi\u00f3 un elefante blanco, por inconsulta y porque no tiene presupuesto.<\/p>\n<h3 style=\"text-align: justify;\">En julio iniciarian clases, dice gobernaci\u00f3n<\/h3>\n<p style=\"text-align: justify;\"><img data-recalc-dims=\"1\" loading=\"lazy\" decoding=\"async\" data-attachment-id=\"2065\" data-permalink=\"https:\/\/sintradeua.org\/co\/para-poder-existir-universidad-del-sur-requiere-dinero-y-concertacion-politica\/suan_7\/\" data-orig-file=\"https:\/\/i0.wp.com\/sintradeua.org\/co\/wp-content\/uploads\/2016\/05\/suan_7.jpg?fit=630%2C320&amp;ssl=1\" data-orig-size=\"630,320\" data-comments-opened=\"1\" data-image-meta=\"{&quot;aperture&quot;:&quot;0&quot;,&quot;credit&quot;:&quot;&quot;,&quot;camera&quot;:&quot;&quot;,&quot;caption&quot;:&quot;&quot;,&quot;created_timestamp&quot;:&quot;0&quot;,&quot;copyright&quot;:&quot;&quot;,&quot;focal_length&quot;:&quot;0&quot;,&quot;iso&quot;:&quot;0&quot;,&quot;shutter_speed&quot;:&quot;0&quot;,&quot;title&quot;:&quot;&quot;,&quot;orientation&quot;:&quot;0&quot;}\" data-image-title=\"suan_7\" data-image-description=\"\" data-image-caption=\"\" data-large-file=\"https:\/\/i0.wp.com\/sintradeua.org\/co\/wp-content\/uploads\/2016\/05\/suan_7.jpg?fit=630%2C320&amp;ssl=1\" class=\"alignnone size-medium wp-image-2065\" src=\"https:\/\/i0.wp.com\/www.sintradeua.org\/co\/wp-content\/uploads\/2016\/05\/suan_7-300x152.jpg?resize=300%2C152\" alt=\"suan_7\" width=\"300\" height=\"152\" srcset=\"https:\/\/i0.wp.com\/sintradeua.org\/co\/wp-content\/uploads\/2016\/05\/suan_7.jpg?resize=300%2C152&amp;ssl=1 300w, https:\/\/i0.wp.com\/sintradeua.org\/co\/wp-content\/uploads\/2016\/05\/suan_7.jpg?resize=620%2C315&amp;ssl=1 620w, https:\/\/i0.wp.com\/sintradeua.org\/co\/wp-content\/uploads\/2016\/05\/suan_7.jpg?w=630&amp;ssl=1 630w\" sizes=\"auto, (max-width: 300px) 100vw, 300px\" \/><\/p>\n<p style=\"text-align: justify;\"><span lang=\"ES\">Luego de una reuni\u00f3n en el Ministerio que sostuvo el gobernador del Atl\u00e1ntico, Eduardo Verano De la Rosa, con el equipo de trabajo del Viceministerio de Educaci\u00f3n Superior para definir el modelo de funcionamiento de la sede sur de la Universidad del Atl\u00e1ntico, el mandatario departamental inform\u00f3 que se constituy\u00f3 un comit\u00e9 para garantizar los recursos que se necesitan para dar inicio a las clases en el segundo semestre de este a\u00f1o.<\/span><!--more--><\/p>\n<p style=\"text-align: justify;\">Verano De la Rosa asisti\u00f3 con el secretario de Educaci\u00f3n, Dagoberto Barraza Sanju\u00e1n y la rectora de la Universidad del Atl\u00e1ntico, Rafaela Vos Obeso, explic\u00f3 que este comit\u00e9 har\u00e1 un an\u00e1lisis financiero de las inversiones que se necesitan para el funcionamiento de este centro de educaci\u00f3n superior.<\/p>\n<p style=\"text-align: justify;\"><span lang=\"ES\"><em>\u201cAntes de 15 d\u00edas debemos tener resultados de ese comit\u00e9 porque no solo queremos que empiece a funcionar la universidad, sino que tambi\u00e9n haya validez y fuerza acad\u00e9mica. Ya se est\u00e1 estudiando c\u00f3mo debe ser este proceso y cu\u00e1l ser\u00eda el aporte de las instituciones que est\u00e1n empe\u00f1adas en que esta sede salga adelante\u201d, <\/em>indic\u00f3 el mandatario departamental.<\/span><\/p>\n<p style=\"text-align: justify;\">Barraza Sanju\u00e1n explic\u00f3 que en este comit\u00e9 est\u00e1n participando el Viceministerio de Educaci\u00f3n Superior, la Universidad del Atl\u00e1ntico, la Gobernaci\u00f3n y la Secretar\u00eda de Educaci\u00f3n Departamental. Se\u00f1al\u00f3 que la pr\u00f3xima se estar\u00e1n reuniendo en Bogot\u00e1 funcionarios del Atl\u00e1ntico para trabajar con las financieras del Ministerio para hacer la propuesta definitiva y darle la viabilidad t\u00e9cnica, jur\u00eddica y acad\u00e9mica a esta sede universitaria.<\/p>\n<p style=\"text-align: justify;\"><em>\u201cEn dos semanas debemos estar emitiendo una comunicaci\u00f3n en la que anunciaremos el\u00a0 modelo con el que iniciar\u00e1 clases la Universidad del Atl\u00e1ntico sede sur, probablemente a partir de julio\u201d,<\/em> puntualiz\u00f3 Barraza.<\/p>\n<h3 style=\"text-align: justify;\">\u00a0<\/h3>\n<p style=\"text-align: justify;\">\u00a0<\/p>\n","protected":false},"excerpt":{"rendered":"<p>\u00a0 Mayo 22\/16 La llamada por la gobernaci\u00f3n Universidad del Sur, de la Universidad del Atl\u00e1ntico en el municipio de Suan, a\u00fan no se sabe exactamente si es un Ceres, una extensi\u00f3n, una nueva universidad o una alianza de IES. Lo cierto es que a cinco meses de inaugurada no ha podido arrancar formalmente y&#8230;<\/p>\n","protected":false},"author":2,"featured_media":2065,"comment_status":"open","ping_status":"open","sticky":false,"template":"","format":"standard","meta":{"advanced_seo_description":"","jetpack_seo_html_title":"","jetpack_seo_noindex":false,"jetpack_post_was_ever_published":false,"_jetpack_newsletter_access":"","_jetpack_dont_email_post_to_subs":false,"_jetpack_newsletter_tier_id":0,"_jetpack_memberships_contains_paywalled_content":false,"_jetpack_memberships_contains_paid_content":false,"footnotes":"","jetpack_publicize_message":"","jetpack_publicize_feature_enabled":true,"jetpack_social_post_already_shared":true,"jetpack_social_options":{"image_generator_settings":{"template":"highway","default_image_id":0,"font":"","enabled":false},"version":2}},"categories":[2],"tags":[],"class_list":["post-2064","post","type-post","status-publish","format-standard","has-post-thumbnail","hentry","category-noticias"],"jetpack_publicize_connections":[],"jetpack_featured_media_url":"https:\/\/i0.wp.com\/sintradeua.org\/co\/wp-content\/uploads\/2016\/05\/suan_7.jpg?fit=630%2C320&ssl=1","jetpack_sharing_enabled":true,"jetpack_shortlink":"https:\/\/wp.me\/paSj5R-xi","_links":{"self":[{"href":"https:\/\/sintradeua.org\/co\/wp-json\/wp\/v2\/posts\/2064","targetHints":{"allow":["GET"]}}],"collection":[{"href":"https:\/\/sintradeua.org\/co\/wp-json\/wp\/v2\/posts"}],"about":[{"href":"https:\/\/sintradeua.org\/co\/wp-json\/wp\/v2\/types\/post"}],"author":[{"embeddable":true,"href":"https:\/\/sintradeua.org\/co\/wp-json\/wp\/v2\/users\/2"}],"replies":[{"embeddable":true,"href":"https:\/\/sintradeua.org\/co\/wp-json\/wp\/v2\/comments?post=2064"}],"version-history":[{"count":0,"href":"https:\/\/sintradeua.org\/co\/wp-json\/wp\/v2\/posts\/2064\/revisions"}],"wp:featuredmedia":[{"embeddable":true,"href":"https:\/\/sintradeua.org\/co\/wp-json\/wp\/v2\/media\/2065"}],"wp:attachment":[{"href":"https:\/\/sintradeua.org\/co\/wp-json\/wp\/v2\/media?parent=2064"}],"wp:term":[{"taxonomy":"category","embeddable":true,"href":"https:\/\/sintradeua.org\/co\/wp-json\/wp\/v2\/categories?post=2064"},{"taxonomy":"post_tag","embeddable":true,"href":"https:\/\/sintradeua.org\/co\/wp-json\/wp\/v2\/tags?post=2064"}],"curies":[{"name":"wp","href":"https:\/\/api.w.org\/{rel}","templated":true}]}}