{"id":2050,"date":"2016-05-17T12:53:04","date_gmt":"2016-05-17T17:53:04","guid":{"rendered":"http:\/\/www.sintradeua.org\/home\/?p=2050"},"modified":"2016-05-17T12:53:04","modified_gmt":"2016-05-17T17:53:04","slug":"expectativa-pensional-limita-a-la-administracion-para-declarar-insubsistencia-en-empleos-de-libre-nombramiento","status":"publish","type":"post","link":"https:\/\/sintradeua.org\/co\/expectativa-pensional-limita-a-la-administracion-para-declarar-insubsistencia-en-empleos-de-libre-nombramiento\/","title":{"rendered":"\u00bfExpectativa pensional limita a la administraci\u00f3n para declarar insubsistencia en empleos de libre nombramiento?"},"content":{"rendered":"<p style=\"text-align: justify;\"><img data-recalc-dims=\"1\" loading=\"lazy\" decoding=\"async\" data-attachment-id=\"2051\" data-permalink=\"https:\/\/sintradeua.org\/co\/expectativa-pensional-limita-a-la-administracion-para-declarar-insubsistencia-en-empleos-de-libre-nombramiento\/pagian\/\" data-orig-file=\"https:\/\/i0.wp.com\/sintradeua.org\/co\/wp-content\/uploads\/2016\/05\/PAGIAN.jpg?fit=500%2C300&amp;ssl=1\" data-orig-size=\"500,300\" data-comments-opened=\"1\" data-image-meta=\"{&quot;aperture&quot;:&quot;0&quot;,&quot;credit&quot;:&quot;&quot;,&quot;camera&quot;:&quot;&quot;,&quot;caption&quot;:&quot;&quot;,&quot;created_timestamp&quot;:&quot;0&quot;,&quot;copyright&quot;:&quot;&quot;,&quot;focal_length&quot;:&quot;0&quot;,&quot;iso&quot;:&quot;0&quot;,&quot;shutter_speed&quot;:&quot;0&quot;,&quot;title&quot;:&quot;&quot;,&quot;orientation&quot;:&quot;1&quot;}\" data-image-title=\"PAGIAN\" data-image-description=\"\" data-image-caption=\"\" data-large-file=\"https:\/\/i0.wp.com\/sintradeua.org\/co\/wp-content\/uploads\/2016\/05\/PAGIAN.jpg?fit=500%2C300&amp;ssl=1\" class=\"alignnone size-medium wp-image-2051\" src=\"https:\/\/i0.wp.com\/www.sintradeua.org\/co\/wp-content\/uploads\/2016\/05\/PAGIAN-300x180.jpg?resize=300%2C180\" alt=\"PAGIAN\" width=\"300\" height=\"180\" srcset=\"https:\/\/i0.wp.com\/sintradeua.org\/co\/wp-content\/uploads\/2016\/05\/PAGIAN.jpg?resize=300%2C180&amp;ssl=1 300w, https:\/\/i0.wp.com\/sintradeua.org\/co\/wp-content\/uploads\/2016\/05\/PAGIAN.jpg?w=500&amp;ssl=1 500w\" sizes=\"auto, (max-width: 300px) 100vw, 300px\" \/><\/p>\n<p style=\"text-align: justify;\">Por medio de una sentencia publicada recientemente, la Secci\u00f3n Segunda del \u00a0Consejo de Estado realiz\u00f3 un estudio jurisprudencial y dogm\u00e1tico sobre el alcance de la protecci\u00f3n especial de estabilidad laboral. (Lea: <a href=\"http:\/\/www.ambitojuridico.com\/BancoConocimiento\/Laboral-y-Seguridad-Social\/derechos-laborales-ciertos-e-indiscutibles-son-inconciliables.asp\">Derechos laborales ciertos e indiscutibles son inconciliables<\/a>)<\/p>\n<p style=\"text-align: justify;\">En efecto, precis\u00f3 que esta figura se establece para quienes est\u00e9n pr\u00f3ximos a consolidar el estatus pensional <strong>y es aplicable tanto a empleados en provisionalidad como a empleados de libre nombramiento y remoci\u00f3n y de carrera<\/strong>, respecto de cualquier escenario que materialice una causal objetiva de retiro del servicio.<\/p>\n<p style=\"text-align: justify;\">En virtud de lo anterior, explic\u00f3 que\u00a0 la protecci\u00f3n especial en raz\u00f3n a la condici\u00f3n de sujeto \u201cprepensionado\u201d resulta aplicable <strong>siempre y cuando el servidor p\u00fablico est\u00e9 pr\u00f3ximo a pensionarse, es decir, le falten tres o menos a\u00f1os para reunir los requisitos de edad y tiempo de servicio o semanas de cotizaci\u00f3n<\/strong> para obtener el disfrute de la pensi\u00f3n de jubilaci\u00f3n o vejez. (Lea: <a href=\"http:\/\/www.ambitojuridico.com\/BancoConocimiento\/Congreso\/congreso-pretende-reforzar-estabilidad-laboral-de-funcionarios-en-provisionalidad.asp?Miga=1&amp;IDobjetose=25128&amp;CodSeccion=39\">Congreso pretende reforzar estabilidad laboral de funcionarios en provisionalidad<\/a>)<\/p>\n<p style=\"text-align: justify;\">No obstante, quien a la fecha de retiro del servicio ya tenga consolidado su estatus <strong>pensional no se encuentra en esta situaci\u00f3n f\u00e1ctica de sujeto \u201cprepensionable\u201d<\/strong>, aunque s\u00ed goza de otro tipo de garant\u00eda otorgada por el legislador para la protecci\u00f3n de sus derechos fundamentales al m\u00ednimo vital y seguridad social, la cual se encuentra establecida en la <a href=\"http:\/\/legal.legis.com.co\/document\/legcol\/legcol_75992041d953f034e0430a010151f034\/ley-797-de-2003?text=articuloprincipal_$norma$|ley%20797%20de%202003%20articulo%201||articulo_$norma$|ley%20797%20de%202003%20articulo%201&amp;type=qe&amp;hit=1\">Ley 797 del 2003<\/a>, se\u00f1al\u00f3 el alto tribunal.<\/p>\n<p style=\"text-align: justify;\">As\u00ed las cosas, <strong>la sola condici\u00f3n de estar pr\u00f3ximo a consolidar dicha posici\u00f3n no tiene el alcance de disminuir la facultad discrecional con que cuenta la administraci\u00f3n para retirar del servicio a un empleado de libre nombramiento y remoci\u00f3n<\/strong>, mediante la declaratoria de insubsistencia de su nombramiento, la cual en todo caso deber\u00e1 ser ejercida bajo la estricta regla consagrada en el art\u00edculo 44 del CPACA (C.P. Gerardo Arenas Monsalve).<\/p>\n<p style=\"text-align: justify;\"><strong>(Consejo de Estado Secci\u00f3n Segunda, Sentencia 05001233300020120028501 (36852013), Feb. 29\/16)<\/strong><\/p>\n<p style=\"text-align: justify;\">\u00a0<\/p>\n","protected":false},"excerpt":{"rendered":"<p>Por medio de una sentencia publicada recientemente, la Secci\u00f3n Segunda del \u00a0Consejo de Estado realiz\u00f3 un estudio jurisprudencial y dogm\u00e1tico sobre el alcance de la protecci\u00f3n especial de estabilidad laboral. (Lea: Derechos laborales ciertos e indiscutibles son inconciliables) En efecto, precis\u00f3 que esta figura se establece para quienes est\u00e9n pr\u00f3ximos a consolidar el estatus pensional&#8230;<\/p>\n","protected":false},"author":2,"featured_media":2051,"comment_status":"open","ping_status":"open","sticky":false,"template":"","format":"standard","meta":{"advanced_seo_description":"","jetpack_seo_html_title":"","jetpack_seo_noindex":false,"jetpack_post_was_ever_published":false,"_jetpack_newsletter_access":"","_jetpack_dont_email_post_to_subs":false,"_jetpack_newsletter_tier_id":0,"_jetpack_memberships_contains_paywalled_content":false,"_jetpack_memberships_contains_paid_content":false,"footnotes":"","jetpack_publicize_message":"","jetpack_publicize_feature_enabled":true,"jetpack_social_post_already_shared":true,"jetpack_social_options":{"image_generator_settings":{"template":"highway","default_image_id":0,"font":"","enabled":false},"version":2}},"categories":[2],"tags":[],"class_list":["post-2050","post","type-post","status-publish","format-standard","has-post-thumbnail","hentry","category-noticias"],"jetpack_publicize_connections":[],"jetpack_featured_media_url":"https:\/\/i0.wp.com\/sintradeua.org\/co\/wp-content\/uploads\/2016\/05\/PAGIAN.jpg?fit=500%2C300&ssl=1","jetpack_sharing_enabled":true,"jetpack_shortlink":"https:\/\/wp.me\/paSj5R-x4","_links":{"self":[{"href":"https:\/\/sintradeua.org\/co\/wp-json\/wp\/v2\/posts\/2050","targetHints":{"allow":["GET"]}}],"collection":[{"href":"https:\/\/sintradeua.org\/co\/wp-json\/wp\/v2\/posts"}],"about":[{"href":"https:\/\/sintradeua.org\/co\/wp-json\/wp\/v2\/types\/post"}],"author":[{"embeddable":true,"href":"https:\/\/sintradeua.org\/co\/wp-json\/wp\/v2\/users\/2"}],"replies":[{"embeddable":true,"href":"https:\/\/sintradeua.org\/co\/wp-json\/wp\/v2\/comments?post=2050"}],"version-history":[{"count":0,"href":"https:\/\/sintradeua.org\/co\/wp-json\/wp\/v2\/posts\/2050\/revisions"}],"wp:featuredmedia":[{"embeddable":true,"href":"https:\/\/sintradeua.org\/co\/wp-json\/wp\/v2\/media\/2051"}],"wp:attachment":[{"href":"https:\/\/sintradeua.org\/co\/wp-json\/wp\/v2\/media?parent=2050"}],"wp:term":[{"taxonomy":"category","embeddable":true,"href":"https:\/\/sintradeua.org\/co\/wp-json\/wp\/v2\/categories?post=2050"},{"taxonomy":"post_tag","embeddable":true,"href":"https:\/\/sintradeua.org\/co\/wp-json\/wp\/v2\/tags?post=2050"}],"curies":[{"name":"wp","href":"https:\/\/api.w.org\/{rel}","templated":true}]}}