{"id":165,"date":"2015-08-09T09:28:50","date_gmt":"2015-08-09T15:28:50","guid":{"rendered":"http:\/\/www.sintradeua.org\/home\/?p=165"},"modified":"2015-08-13T09:47:39","modified_gmt":"2015-08-13T15:47:39","slug":"habla-la-viceministra-increible-sus-declaraciones","status":"publish","type":"post","link":"https:\/\/sintradeua.org\/co\/habla-la-viceministra-increible-sus-declaraciones\/","title":{"rendered":"HABLA LA VICEMINISTRA, INCRE\u00cdBLE SUS DECLARACIONES"},"content":{"rendered":"<p><img data-recalc-dims=\"1\" loading=\"lazy\" decoding=\"async\" class=\" alignleft\" src=\"https:\/\/i0.wp.com\/cdn.elheraldo.co\/sites\/default\/files\/styles\/home_destacada_395x240\/public\/2015\/08\/08\/articulo\/1a_viceministra_de_educacion.jpg?resize=337%2C204\" alt=\"\" width=\"337\" height=\"204\" \/>\u00abLa verdad es que muchos de los elementos que hemos encontrado en los \u00faltimos d\u00edas muestran un poco la ingobernabilidad que presenta la universidad. El hecho de que haya presencia de presuntos milicianos de las Farc demuestra que hace falta m\u00e1s gobernabilidad, as\u00ed como dejan un mal sabor las denuncias de contratos concedidos a personas que est\u00e1n inhabilitadas\u00bb.<\/p>\n<p><!--more--><\/p>\n<blockquote>\n<h1 class=\"tituloNoticia\">\u201cLo ideal ser\u00eda que Castillo pensara en el bien p\u00fablico\u201d: Natalia Ariza Ram\u00edrez<\/h1>\n<\/blockquote>\n<p>POR:\u00a0<span class=\"autor\">C\u00c9SAR MU\u00d1OZ VARGAS<\/span>\u00a0<\/p>\n<div class=\"textSize\">El rumbo de la Universidad del Atl\u00e1ntico (Udea), que est\u00e1 a punto de completar un a\u00f1o en situaci\u00f3n de interinidad, depender\u00e1 en gran medida de lo que pase en la reuni\u00f3n extraordinaria del Consejo Superior, convocada para el pr\u00f3ximo jueves 13 de agosto. El ministerio de Educaci\u00f3n ha dicho que espera que en el m\u00e1ximo organismo de direcci\u00f3n y gobierno se defina, entre otros asuntos, la continuidad del rector encargado, Rafael Castillo.<\/p>\n<p>En entrevista concedida a El HERALDO, la viceministra de Educaci\u00f3n Superior, Natalia Ariza Ram\u00edrez, afirm\u00f3 que \u201cno hay matoneo\u201d contra Castillo y que el \u00fanico inter\u00e9s de la cartera dirigida por Gina Parody es que se d\u00e9 un debate acad\u00e9mico transparente, centrado en la mejor hoja de vida y el mejor proyecto de gesti\u00f3n que tendr\u00e1 la universidad en los pr\u00f3ximos a\u00f1os.<\/p>\n<p><strong>\u00bfC\u00f3mo llega Rafael Castillo a ser rector de la Udea?, \u00bfel Ministerio de Educaci\u00f3n Nacional apoy\u00f3 esa elecci\u00f3n?<\/strong><\/p>\n<p>Nosotros lo apoyamos. El Consejo Superior Universitario (CSU) decide que Castillo es la persona id\u00f3nea a quien se le da un n\u00famero de meses, de tres a seis, para llevar a cabo el proceso de elecci\u00f3n del nuevo rector, pero no se esperaba que \u00e9l fuera uno de los candidatos.<\/p>\n<p><strong>As\u00ed como el MEN particip\u00f3 en la elecci\u00f3n de Castillo, \u00bfqu\u00e9 puede hacer para sacarlo del cargo?<\/strong><\/p>\n<p>Es tambi\u00e9n una decisi\u00f3n del CSU, que en la sesi\u00f3n anterior hab\u00eda tomado la determinaci\u00f3n de reemplazarlo, pero es cuando surge todo el tema de las recusaciones por parte del Tribunal Administrativo del Atl\u00e1ntico contra algunos de los consejeros.<\/p>\n<p><strong>Pero, \u00bfel MEN pedir\u00e1 a Castillo que se aparte de la rector\u00eda o de la terna de candidatos?<\/strong><\/p>\n<p>Preferir\u00edamos que \u00e9l mismo pensara en los riegos en los que pone a la universidad si contin\u00faa de rector y con su candidatura, y decidiera lo m\u00e1s conveniente para la Udea y la gobernabilidad de la misma. Lo ideal ser\u00eda que pensara en el bien p\u00fablico y no solo en su bienestar.<\/p>\n<p><strong>A pesar de las dudas en torno a Castillo, \u00bfhay algo que lo inhabilite para ser candidato?<\/strong><\/p>\n<p>Los estatutos permiten que un rector encargado pueda ser candidato, lo que pasa es que su condici\u00f3n de encargado crea una situaci\u00f3n de desequilibrio frente a los dem\u00e1s postulados. \u00c9l ha\u00a0 tratado de sumar todas las fuerzas de la universidad a su favor.<\/p>\n<p><strong>\u00bfHay persecuci\u00f3n del MEN contra Castillo?<\/strong><\/p>\n<p>Aqu\u00ed no hay ning\u00fan tipo de matoneo contra \u00e9l, que ha querido hacerse la v\u00edctima. Esto no es una pelea del Ministerio versus Castillo o versus el gobernador Segebre. Esto es una pelea de la ciudadan\u00eda del Atl\u00e1ntico versus la calidad de educaci\u00f3n que se merece la regi\u00f3n.<\/p>\n<p><strong>A prop\u00f3sito de Segebre, \u00e9l como presidente del Consejo dijo que no le han pasado para su revisi\u00f3n los contratos cuestionados, \u00bfadvierten ustedes una suerte de anarqu\u00eda?<\/strong><\/p>\n<p>La verdad es que muchos de los elementos que hemos encontrado en los \u00faltimos d\u00edas muestran un poco la ingobernabilidad que presenta la universidad. El hecho de que haya presencia de presuntos milicianos de las Farc demuestra que hace falta m\u00e1s gobernabilidad, as\u00ed como dejan un mal sabor las denuncias de contratos concedidos a personas que est\u00e1n inhabilitadas. Ya compulsamos copias a la Fiscal\u00eda, la Procuradur\u00eda y la Contralor\u00eda.<\/p>\n<p><strong>\u00bfTienen un diagn\u00f3stico de la reciente inspecci\u00f3n de tres d\u00edas a la Udea?<\/strong><\/p>\n<p>Todav\u00eda no. Estamos pr\u00f3ximos a sacar el informe final de dicho proceso, estas primeras visitas nos pueden llevar a alg\u00fan tipo de investigaci\u00f3n.<\/p>\n<p><strong>\u00bfCu\u00e1l es la posici\u00f3n del Ministerio frente a la demanda anunciada por Castillo ante la Comisi\u00f3n Interamericana de Derechos Humanos?<\/strong><\/p>\n<p>No tenemos mucho qu\u00e9 decir al respecto. Para nada nuestro inter\u00e9s es un matoneo contra el se\u00f1or Castillo. Nosotros no lo hemos acusado, solo lo hemos invitado a que ejerza de manera clara la gobernabilidad en la Udea, le hemos hecho un llamado a que haga lo que debe hacer. Nuestros intereses solamente se centran en que se elija un rector que re\u00fana las capacidades que necesita la universidad.<\/p>\n<p><strong>\u00bfQu\u00e9 esperan de la reuni\u00f3n del pr\u00f3ximo jueves?<\/strong><\/p>\n<p>Se deben resolver las recusaciones que el fallo del tribunal dice que hay que resolver. El Consejo determinar\u00e1 si es mejor que Castillo siga o no a la cabeza de la universidad, y se definir\u00e1, en lo posible, todo el proceso que pueda permitir avanzar en la elecci\u00f3n del nuevo rector.<\/p>\n<\/div>\n<p>&nbsp;<\/p>\n<p>&nbsp;<\/p>\n<p>&nbsp;<\/p>\n","protected":false},"excerpt":{"rendered":"<p>\u00abLa verdad es que muchos de los elementos que hemos encontrado en los \u00faltimos d\u00edas muestran un poco la ingobernabilidad que presenta la universidad. El hecho de que haya presencia de presuntos milicianos de las Farc demuestra que hace falta m\u00e1s gobernabilidad, as\u00ed como dejan un mal sabor las denuncias de contratos concedidos a personas&#8230;<\/p>\n","protected":false},"author":2,"featured_media":0,"comment_status":"open","ping_status":"open","sticky":false,"template":"","format":"standard","meta":{"advanced_seo_description":"","jetpack_seo_html_title":"","jetpack_seo_noindex":false,"jetpack_post_was_ever_published":false,"_jetpack_newsletter_access":"","_jetpack_dont_email_post_to_subs":false,"_jetpack_newsletter_tier_id":0,"_jetpack_memberships_contains_paywalled_content":false,"_jetpack_memberships_contains_paid_content":false,"footnotes":"","jetpack_publicize_message":"","jetpack_publicize_feature_enabled":true,"jetpack_social_post_already_shared":true,"jetpack_social_options":{"image_generator_settings":{"template":"highway","default_image_id":0,"font":"","enabled":false},"version":2}},"categories":[2],"tags":[],"class_list":["post-165","post","type-post","status-publish","format-standard","hentry","category-noticias"],"jetpack_publicize_connections":[],"jetpack_featured_media_url":"","jetpack_sharing_enabled":true,"jetpack_shortlink":"https:\/\/wp.me\/paSj5R-2F","_links":{"self":[{"href":"https:\/\/sintradeua.org\/co\/wp-json\/wp\/v2\/posts\/165","targetHints":{"allow":["GET"]}}],"collection":[{"href":"https:\/\/sintradeua.org\/co\/wp-json\/wp\/v2\/posts"}],"about":[{"href":"https:\/\/sintradeua.org\/co\/wp-json\/wp\/v2\/types\/post"}],"author":[{"embeddable":true,"href":"https:\/\/sintradeua.org\/co\/wp-json\/wp\/v2\/users\/2"}],"replies":[{"embeddable":true,"href":"https:\/\/sintradeua.org\/co\/wp-json\/wp\/v2\/comments?post=165"}],"version-history":[{"count":0,"href":"https:\/\/sintradeua.org\/co\/wp-json\/wp\/v2\/posts\/165\/revisions"}],"wp:attachment":[{"href":"https:\/\/sintradeua.org\/co\/wp-json\/wp\/v2\/media?parent=165"}],"wp:term":[{"taxonomy":"category","embeddable":true,"href":"https:\/\/sintradeua.org\/co\/wp-json\/wp\/v2\/categories?post=165"},{"taxonomy":"post_tag","embeddable":true,"href":"https:\/\/sintradeua.org\/co\/wp-json\/wp\/v2\/tags?post=165"}],"curies":[{"name":"wp","href":"https:\/\/api.w.org\/{rel}","templated":true}]}}