{"id":157,"date":"2015-08-08T10:13:42","date_gmt":"2015-08-08T16:13:42","guid":{"rendered":"http:\/\/www.sintradeua.org\/home\/?p=157"},"modified":"2015-08-17T15:11:31","modified_gmt":"2015-08-17T21:11:31","slug":"la-dignidad-del-cargo-en-la-funcion-publica","status":"publish","type":"post","link":"https:\/\/sintradeua.org\/co\/la-dignidad-del-cargo-en-la-funcion-publica\/","title":{"rendered":"LA DIGNIDAD DEL CARGO EN LA FUNCI\u00d3N PUBLICA"},"content":{"rendered":"<p><strong>LA DIGNIDAD DEL CARGO EN LA FUNCI\u00d3N P\u00daBLICA<\/strong><\/p>\n<p>Por: Jairo Eduardo Soto Molina<\/p>\n<p>Profesor en Universidad del Atl\u00e1ntico<\/p>\n<p>La dignidad se define como el respeto y estima que una persona tiene de s\u00ed misma y merece que se lo tengan las dem\u00e1s personas. Pero, tambi\u00e9n se define como \u201cPersona que ocupa un cargo o puesto de mucha autoridad, prestigio y honor\u201d, por lo que el t\u00e9rmino implica que el hombre vale por lo que el mismo es, por su ser, independiente de ciertos rendimientos que se espere de la persona. Por tanto, la dignidad de las personas no tiene precio.<!--more--><\/p>\n<p>Cuando una persona ocupa un cargo p\u00fablico, especialmente el de la presidencia o rector\u00eda de una universidad, se le considera un \u201cdignatario\u201d, por cuando la definici\u00f3n del t\u00e9rmino incluye el \u201ccargo honor\u00edfico y de autoridad\u201d, lo que implica que las personas le deben respeto a quienes ejercen, pretenden ejercer y han ejercido ese cargo.<\/p>\n<p>En la actual administraci\u00f3n hemos visto c\u00f3mo se ha ido perdiendo el respeto a la dignidad del m\u00e1s alto cargo de la Universidad y gobernador del departamento del Atl\u00e1ntico, por lo que uno puede preguntarse: \u00bfQu\u00e9 se puede esperar entonces entre los ciudadanos comunes? En ambos casos ha estado comprometido en actos de indisciplina el representante estudiantil con el primero al reclamar en el parqueadero de la universidad el nombramiento de una nueva tesorera pagadora del Alma Mater y en el segundo cuando le lanza toda clase de ep\u00edtetos contra el burgomaestre departamental.<\/p>\n<p>Podemos estar de acuerdo o no con la gesti\u00f3n de un rector, podemos debatir puntos de vista, pero cuando se cae en la bajeza de los insultos, atropellos o agresiones, eso habla muy mal de la persona que hace aquello. Es una deshonra para la Universidad del Atl\u00e1ntico y un reflejo de la crisis de valores en su formaci\u00f3n de buenos ciudadanos.<\/p>\n<p>No solo el gobernador, sino tambi\u00e9n los dem\u00e1s consejeros de la mayor\u00eda han sido sindicados de una manera altanera del rebelde representante estudiantil, al igual que los otros candidatos tanto de la consulta como los de la designaci\u00f3n que prefirieron retirarse ante los ataques de este se\u00f1or que no es ning\u00fan joven pues es ya mayor de los 33 a\u00f1os.<\/p>\n<p>M\u00e1s a\u00fan, despu\u00e9s de los \u00faltimos consejos superiores tambi\u00e9n arremete contra un decano que iba a ser presentado como posible rector encargado en la antepen\u00faltima sesi\u00f3n. Irrespetando otro funcionario p\u00fablico de alt\u00edsima dignidad ya que el decano representa al presidente o rector en su facultad. Su estilo vulgar e indecente, de atacar a las personas sin tener en cuenta la dignidad de sus cargos, le hace ver como un estudiante irreflexivo, obstinado y manipulador. Pero tambi\u00e9n ha atacado al profesor Milton Zambrano P\u00e9rez y a mi persona, denigrando, calumniando y haciendo falsas acusaciones sin medir consecuencias. En la Universidad del Atl\u00e1ntico, donde \u00a0todo se sabe y todos se conocen, los profesores y trabajadores que conocen al profesor Milton y mi persona comprenden que esto es producto del desespero que se les acaba la vena abierta del presupuesto.<\/p>\n<p>Quien pretenda ocupar un cargo p\u00fablico debe ser digno de \u00e9l, por cuanto adquiere una responsabilidad, que va inherente al cargo y que, en cierta manera, le condiciona en sus comportamientos, al menos en lo que se refiere al \u00e1mbito p\u00fablico.<\/p>\n<p>En cuanto al rector ya se lo dijo mi buen amigo Crist\u00f3bal Arteta Ripoll que por dignidad deber\u00eda renunciar, es muy deshonroso para cualquier ejecutivo ya sea un cargo de alt\u00edsima dignidad como los antes mencionados o el de gerente de una empresa o corporaci\u00f3n ejercer funciones con la mayor\u00eda de las directivas en su contra, por cuanto es vergonzoso si una persona que no ha abrazado los principios que han inspirado a la concertaci\u00f3n y a la nueva mayor\u00eda, logre estar en un puesto p\u00fablico, ya que atentar\u00eda contra la dignidad de lo que se espera de las personas en la funci\u00f3n p\u00fablica.<\/p>\n<p>Para los dem\u00f3crata que como el rector se ha autocalificado, pero que no se ha ajustado a los principios de la democracia misma. Con los verdaderos dem\u00f3cratas que existen en este pa\u00eds que he hablado, este es un tema que no pasar\u00e1n por alto, y han deslizado su preocupaci\u00f3n incluso por el hecho de que hay gente que, tradicionalmente, ha sido de la derecha m\u00e1s ac\u00e9rrima y hoy son aliados de sectores de la seudo izquierda o grupos radicales, lo que podr\u00eda desvirtuar el verdadero sentido que convergen alrededor de un dem\u00f3crata integro, m\u00e1s aun cuando se dedican a excluir, se\u00f1alar, denigrar: pr\u00e1cticas propias que ejercieron los grupos de la ultra derecha. Es decir terminaron pareci\u00e9ndose a lo que criticaban tanto y tan abiertamente al interior de la Universidad del Atl\u00e1ntico antes de ostentar el poder. El verdadero dem\u00f3crata y un funcionario que haya internalizado la cualidad del que se hace valer como persona, se comporta con responsabilidad, seriedad y con respeto hacia s\u00ed mismo y hacia los dem\u00e1s y no deja que lo humillen ni degraden, por esta sencilla conclusi\u00f3n se\u00f1or Rafael Castillo Pacheco: \u00a1<strong><em><u>RENU<\/u><\/em><\/strong><strong><em><u>NCIE<\/u><\/em><\/strong>!<\/p>\n","protected":false},"excerpt":{"rendered":"<p>LA DIGNIDAD DEL CARGO EN LA FUNCI\u00d3N P\u00daBLICA Por: Jairo Eduardo Soto Molina Profesor en Universidad del Atl\u00e1ntico La dignidad se define como el respeto y estima que una persona tiene de s\u00ed misma y merece que se lo tengan las dem\u00e1s personas. Pero, tambi\u00e9n se define como \u201cPersona que ocupa un cargo o puesto&#8230;<\/p>\n","protected":false},"author":2,"featured_media":0,"comment_status":"open","ping_status":"open","sticky":false,"template":"","format":"standard","meta":{"advanced_seo_description":"","jetpack_seo_html_title":"","jetpack_seo_noindex":false,"jetpack_post_was_ever_published":false,"_jetpack_newsletter_access":"","_jetpack_dont_email_post_to_subs":false,"_jetpack_newsletter_tier_id":0,"_jetpack_memberships_contains_paywalled_content":false,"_jetpack_memberships_contains_paid_content":false,"footnotes":"","jetpack_publicize_message":"","jetpack_publicize_feature_enabled":true,"jetpack_social_post_already_shared":true,"jetpack_social_options":{"image_generator_settings":{"template":"highway","default_image_id":0,"font":"","enabled":false},"version":2}},"categories":[20],"tags":[],"class_list":["post-157","post","type-post","status-publish","format-standard","hentry","category-general"],"jetpack_publicize_connections":[],"jetpack_featured_media_url":"","jetpack_sharing_enabled":true,"jetpack_shortlink":"https:\/\/wp.me\/paSj5R-2x","_links":{"self":[{"href":"https:\/\/sintradeua.org\/co\/wp-json\/wp\/v2\/posts\/157","targetHints":{"allow":["GET"]}}],"collection":[{"href":"https:\/\/sintradeua.org\/co\/wp-json\/wp\/v2\/posts"}],"about":[{"href":"https:\/\/sintradeua.org\/co\/wp-json\/wp\/v2\/types\/post"}],"author":[{"embeddable":true,"href":"https:\/\/sintradeua.org\/co\/wp-json\/wp\/v2\/users\/2"}],"replies":[{"embeddable":true,"href":"https:\/\/sintradeua.org\/co\/wp-json\/wp\/v2\/comments?post=157"}],"version-history":[{"count":0,"href":"https:\/\/sintradeua.org\/co\/wp-json\/wp\/v2\/posts\/157\/revisions"}],"wp:attachment":[{"href":"https:\/\/sintradeua.org\/co\/wp-json\/wp\/v2\/media?parent=157"}],"wp:term":[{"taxonomy":"category","embeddable":true,"href":"https:\/\/sintradeua.org\/co\/wp-json\/wp\/v2\/categories?post=157"},{"taxonomy":"post_tag","embeddable":true,"href":"https:\/\/sintradeua.org\/co\/wp-json\/wp\/v2\/tags?post=157"}],"curies":[{"name":"wp","href":"https:\/\/api.w.org\/{rel}","templated":true}]}}