{"id":1481,"date":"2016-01-19T09:06:15","date_gmt":"2016-01-19T14:06:15","guid":{"rendered":"http:\/\/www.sintradeua.org\/home\/?p=1481"},"modified":"2016-01-19T09:06:15","modified_gmt":"2016-01-19T14:06:15","slug":"ante-el-ministerio-de-trabajo-sintradeua-presenta-queja-por-acoso-laboral-en-la-universidad-del-atlantico","status":"publish","type":"post","link":"https:\/\/sintradeua.org\/co\/ante-el-ministerio-de-trabajo-sintradeua-presenta-queja-por-acoso-laboral-en-la-universidad-del-atlantico\/","title":{"rendered":"Ante el Ministerio de Trabajo Sintradeua presenta queja por acoso laboral en la Universidad del Atlantico"},"content":{"rendered":"<p style=\"text-align: justify;\"><img data-recalc-dims=\"1\" decoding=\"async\" src=\"https:\/\/i0.wp.com\/actualicese.com\/_ig\/img\/fotos\/lucho-garzon.jpg?w=640\" alt=\"\" \/><\/p>\n<p style=\"text-align: justify;\">JAIME IVAN BORRERO SAMPER, presidente de Sintradeua, presento ante el Ministro de Trabajo, Luis Eduardo Garzon, Querella en contra de la Doctora FANNY BAYONA PALACIO, Jefe encargada de la oficina de Asesor\u00eda jur\u00eddica de la universidad del Atl\u00e1ntico por presunto Acoso laboral.<!--more--><\/p>\n<p style=\"text-align: justify;\">La queja se presenta como resultado del no pronunciamiento de la rectoria de la instituci\u00f3n educativa al respecto, despu\u00e9s de reiteradas solicitudes de la organizaci\u00f3n sindical.<\/p>\n<p style=\"text-align: justify;\">El acoso laboral se considera como toda conducta persistente y demostrable, ejercida sobre el empleado o trabajador por parte de un empleador, un jefe o superior jer\u00e1rquico inmediato, un compa\u00f1ero de trabajo o un subalterno, encaminado a infundir miedo, intimidaci\u00f3n, terror y angustia, a causar perjuicio laboral que genera desmotivaci\u00f3n en el trabajo y que puede llegar a provocar la renuncia del mismo, as\u00ed lo se\u00f1ala la Ley 1010 de 2006.<\/p>\n<p style=\"text-align: justify;\">\u00a0A continuaci\u00f3n damos a conocer el contenido de la Querella:<\/p>\n<p style=\"text-align: justify;\"><img data-recalc-dims=\"1\" loading=\"lazy\" decoding=\"async\" data-attachment-id=\"1482\" data-permalink=\"https:\/\/sintradeua.org\/co\/ante-el-ministerio-de-trabajo-sintradeua-presenta-queja-por-acoso-laboral-en-la-universidad-del-atlantico\/0001-2-querella-mintrabajo\/\" data-orig-file=\"https:\/\/i0.wp.com\/sintradeua.org\/co\/wp-content\/uploads\/2016\/01\/0001-2-QUERELLA-MINTRABAJO.jpg?fit=1243%2C2048&amp;ssl=1\" data-orig-size=\"1243,2048\" data-comments-opened=\"1\" data-image-meta=\"{&quot;aperture&quot;:&quot;0&quot;,&quot;credit&quot;:&quot;&quot;,&quot;camera&quot;:&quot;&quot;,&quot;caption&quot;:&quot;&quot;,&quot;created_timestamp&quot;:&quot;0&quot;,&quot;copyright&quot;:&quot;&quot;,&quot;focal_length&quot;:&quot;0&quot;,&quot;iso&quot;:&quot;0&quot;,&quot;shutter_speed&quot;:&quot;0&quot;,&quot;title&quot;:&quot;&quot;,&quot;orientation&quot;:&quot;0&quot;}\" data-image-title=\"0001 (2) QUERELLA MINTRABAJO\" data-image-description=\"\" data-image-caption=\"\" data-large-file=\"https:\/\/i0.wp.com\/sintradeua.org\/co\/wp-content\/uploads\/2016\/01\/0001-2-QUERELLA-MINTRABAJO.jpg?fit=486%2C800&amp;ssl=1\" class=\"alignnone size-medium wp-image-1482\" src=\"https:\/\/i0.wp.com\/www.sintradeua.org\/co\/wp-content\/uploads\/2016\/01\/0001-2-QUERELLA-MINTRABAJO-182x300.jpg?resize=182%2C300\" alt=\"0001 (2) QUERELLA MINTRABAJO\" width=\"182\" height=\"300\" srcset=\"https:\/\/i0.wp.com\/sintradeua.org\/co\/wp-content\/uploads\/2016\/01\/0001-2-QUERELLA-MINTRABAJO.jpg?resize=182%2C300&amp;ssl=1 182w, https:\/\/i0.wp.com\/sintradeua.org\/co\/wp-content\/uploads\/2016\/01\/0001-2-QUERELLA-MINTRABAJO.jpg?resize=768%2C1265&amp;ssl=1 768w, https:\/\/i0.wp.com\/sintradeua.org\/co\/wp-content\/uploads\/2016\/01\/0001-2-QUERELLA-MINTRABAJO.jpg?resize=622%2C1024&amp;ssl=1 622w, https:\/\/i0.wp.com\/sintradeua.org\/co\/wp-content\/uploads\/2016\/01\/0001-2-QUERELLA-MINTRABAJO.jpg?w=1243&amp;ssl=1 1243w\" sizes=\"auto, (max-width: 182px) 100vw, 182px\" \/> <img data-recalc-dims=\"1\" loading=\"lazy\" decoding=\"async\" data-attachment-id=\"1483\" data-permalink=\"https:\/\/sintradeua.org\/co\/ante-el-ministerio-de-trabajo-sintradeua-presenta-queja-por-acoso-laboral-en-la-universidad-del-atlantico\/0002-2-querella-mintrabajo\/\" data-orig-file=\"https:\/\/i0.wp.com\/sintradeua.org\/co\/wp-content\/uploads\/2016\/01\/0002-2-QUERELLA-MINTRABAJO.jpg?fit=1243%2C2048&amp;ssl=1\" data-orig-size=\"1243,2048\" data-comments-opened=\"1\" data-image-meta=\"{&quot;aperture&quot;:&quot;0&quot;,&quot;credit&quot;:&quot;&quot;,&quot;camera&quot;:&quot;&quot;,&quot;caption&quot;:&quot;&quot;,&quot;created_timestamp&quot;:&quot;0&quot;,&quot;copyright&quot;:&quot;&quot;,&quot;focal_length&quot;:&quot;0&quot;,&quot;iso&quot;:&quot;0&quot;,&quot;shutter_speed&quot;:&quot;0&quot;,&quot;title&quot;:&quot;&quot;,&quot;orientation&quot;:&quot;0&quot;}\" data-image-title=\"0002 (2) QUERELLA MINTRABAJO\" data-image-description=\"\" data-image-caption=\"\" data-large-file=\"https:\/\/i0.wp.com\/sintradeua.org\/co\/wp-content\/uploads\/2016\/01\/0002-2-QUERELLA-MINTRABAJO.jpg?fit=486%2C800&amp;ssl=1\" class=\"alignnone size-medium wp-image-1483\" src=\"https:\/\/i0.wp.com\/www.sintradeua.org\/co\/wp-content\/uploads\/2016\/01\/0002-2-QUERELLA-MINTRABAJO-182x300.jpg?resize=182%2C300\" alt=\"0002 (2) QUERELLA MINTRABAJO\" width=\"182\" height=\"300\" srcset=\"https:\/\/i0.wp.com\/sintradeua.org\/co\/wp-content\/uploads\/2016\/01\/0002-2-QUERELLA-MINTRABAJO.jpg?resize=182%2C300&amp;ssl=1 182w, https:\/\/i0.wp.com\/sintradeua.org\/co\/wp-content\/uploads\/2016\/01\/0002-2-QUERELLA-MINTRABAJO.jpg?resize=768%2C1265&amp;ssl=1 768w, https:\/\/i0.wp.com\/sintradeua.org\/co\/wp-content\/uploads\/2016\/01\/0002-2-QUERELLA-MINTRABAJO.jpg?resize=622%2C1024&amp;ssl=1 622w, https:\/\/i0.wp.com\/sintradeua.org\/co\/wp-content\/uploads\/2016\/01\/0002-2-QUERELLA-MINTRABAJO.jpg?w=1243&amp;ssl=1 1243w\" sizes=\"auto, (max-width: 182px) 100vw, 182px\" \/><\/p>\n","protected":false},"excerpt":{"rendered":"<p>JAIME IVAN BORRERO SAMPER, presidente de Sintradeua, presento ante el Ministro de Trabajo, Luis Eduardo Garzon, Querella en contra de la Doctora FANNY BAYONA PALACIO, Jefe encargada de la oficina de Asesor\u00eda jur\u00eddica de la universidad del Atl\u00e1ntico por presunto Acoso laboral.<\/p>\n","protected":false},"author":2,"featured_media":0,"comment_status":"open","ping_status":"open","sticky":false,"template":"","format":"standard","meta":{"advanced_seo_description":"","jetpack_seo_html_title":"","jetpack_seo_noindex":false,"jetpack_post_was_ever_published":false,"_jetpack_newsletter_access":"","_jetpack_dont_email_post_to_subs":false,"_jetpack_newsletter_tier_id":0,"_jetpack_memberships_contains_paywalled_content":false,"_jetpack_memberships_contains_paid_content":false,"footnotes":"","jetpack_publicize_message":"","jetpack_publicize_feature_enabled":true,"jetpack_social_post_already_shared":true,"jetpack_social_options":{"image_generator_settings":{"template":"highway","default_image_id":0,"font":"","enabled":false},"version":2}},"categories":[2],"tags":[],"class_list":["post-1481","post","type-post","status-publish","format-standard","hentry","category-noticias"],"jetpack_publicize_connections":[],"jetpack_featured_media_url":"","jetpack_sharing_enabled":true,"jetpack_shortlink":"https:\/\/wp.me\/paSj5R-nT","_links":{"self":[{"href":"https:\/\/sintradeua.org\/co\/wp-json\/wp\/v2\/posts\/1481","targetHints":{"allow":["GET"]}}],"collection":[{"href":"https:\/\/sintradeua.org\/co\/wp-json\/wp\/v2\/posts"}],"about":[{"href":"https:\/\/sintradeua.org\/co\/wp-json\/wp\/v2\/types\/post"}],"author":[{"embeddable":true,"href":"https:\/\/sintradeua.org\/co\/wp-json\/wp\/v2\/users\/2"}],"replies":[{"embeddable":true,"href":"https:\/\/sintradeua.org\/co\/wp-json\/wp\/v2\/comments?post=1481"}],"version-history":[{"count":0,"href":"https:\/\/sintradeua.org\/co\/wp-json\/wp\/v2\/posts\/1481\/revisions"}],"wp:attachment":[{"href":"https:\/\/sintradeua.org\/co\/wp-json\/wp\/v2\/media?parent=1481"}],"wp:term":[{"taxonomy":"category","embeddable":true,"href":"https:\/\/sintradeua.org\/co\/wp-json\/wp\/v2\/categories?post=1481"},{"taxonomy":"post_tag","embeddable":true,"href":"https:\/\/sintradeua.org\/co\/wp-json\/wp\/v2\/tags?post=1481"}],"curies":[{"name":"wp","href":"https:\/\/api.w.org\/{rel}","templated":true}]}}