{"id":144,"date":"2015-08-05T07:31:44","date_gmt":"2015-08-05T13:31:44","guid":{"rendered":"http:\/\/www.sintradeua.org\/home\/?p=144"},"modified":"2015-08-13T09:59:01","modified_gmt":"2015-08-13T15:59:01","slug":"segebre-y-castillo-hacen-politica-dice-mineducacion","status":"publish","type":"post","link":"https:\/\/sintradeua.org\/co\/segebre-y-castillo-hacen-politica-dice-mineducacion\/","title":{"rendered":"\u00abSEGEBRE Y CASTILLO HACEN POLITICA DICE MINEDUCACION\u00bb"},"content":{"rendered":"<div class=\"desa\">\n<h2 id=\"ntitppal\" class=\"tit mb10\">Gobernador hace pol\u00edtica con el rector de la Universidad del Atl\u00e1ntico: Mineducaci\u00f3n<\/h2>\n<div class=\"conteima\"><figure style=\"width: 340px\" class=\"wp-caption alignleft\"><img data-recalc-dims=\"1\" loading=\"lazy\" decoding=\"async\" class=\"ima lazy-hidden\" src=\"https:\/\/i0.wp.com\/www.wradio.com.co\/images\/2881111_n_vir1.jpg?resize=340%2C255\" alt=\"Foto: Colprensa\" width=\"340\" height=\"255\" \/><figcaption class=\"wp-caption-text\">Foto: Colprensa<\/figcaption><\/figure><\/p>\n<div>Foto: Colprensa.<\/div>\n<\/div>\n<p><span class=\"resu\">La Ministra de Educaci\u00f3n, Gina Parody, dijo en los micr\u00f3fonos de La W Radio, que hasta hace poco tiempo conoci\u00f3 que Jos\u00e9 Antonio Segebre hace pol\u00edtica con Rafael Castillo. <\/span><br \/><span class=\"autor\">LA W RADIO | AGOSTO 5 DE 2015<\/span><\/p>\n<div class=\"cuerpo\">\n<div>Frente a las denuncias presentadas en La W Radio, sobre presuntas irregularidades en las contrataciones durante la gesti\u00f3n de Castillo, la ministra Parody asegur\u00f3 que se ha encontrado que, incluso, habr\u00eda contratado como asesor de su despacho a un ex vocero del Consejo Superior Universitario.<\/div>\n<\/div>\n<\/div>\n<div>\u00a0<\/div>\n<p><!--more--><\/p>\n<div class=\"desa\">\n<p>Violando los estatutos de la instituci\u00f3n que estipulan que deben pasar al menos dos a\u00f1os despu\u00e9s de haber sido vocero en dicho Consejo para poder ser contratado en la universidad.\u00a0<\/p>\n<p>\u00a0Parody no ocult\u00f3 su preocupaci\u00f3n sobre la situaci\u00f3n de la instituci\u00f3n universitaria, y asegur\u00f3 que desde hace meses le ha solicitado al gobernador Segebre que tome cartas en el asunto, pero no ha tenido respuesta positiva.\u00a0<\/p>\n<p>Finalmente, sobre las fotograf\u00edas que han llegado a la redacci\u00f3n de La W y que se pueden encontrar en las redes sociales, en el que se estar\u00edan repartiendo panfletos alusivos a grupos armados, la ministra asegur\u00f3 que ya ha solicitado a la Fiscal\u00eda y Procuradur\u00eda que investigue a fondo el tema.\u00a0\u00a0<\/p>\n<\/div>\n","protected":false},"excerpt":{"rendered":"<p>Gobernador hace pol\u00edtica con el rector de la Universidad del Atl\u00e1ntico: Mineducaci\u00f3n Foto: Colprensa. La Ministra de Educaci\u00f3n, Gina Parody, dijo en los micr\u00f3fonos de La W Radio, que hasta hace poco tiempo conoci\u00f3 que Jos\u00e9 Antonio Segebre hace pol\u00edtica con Rafael Castillo. LA W RADIO | AGOSTO 5 DE 2015 Frente a las denuncias&#8230;<\/p>\n","protected":false},"author":2,"featured_media":0,"comment_status":"open","ping_status":"open","sticky":false,"template":"","format":"image","meta":{"advanced_seo_description":"","jetpack_seo_html_title":"","jetpack_seo_noindex":false,"jetpack_post_was_ever_published":false,"_jetpack_newsletter_access":"","_jetpack_dont_email_post_to_subs":false,"_jetpack_newsletter_tier_id":0,"_jetpack_memberships_contains_paywalled_content":false,"_jetpack_memberships_contains_paid_content":false,"footnotes":"","jetpack_publicize_message":"","jetpack_publicize_feature_enabled":true,"jetpack_social_post_already_shared":true,"jetpack_social_options":{"image_generator_settings":{"template":"highway","default_image_id":0,"font":"","enabled":false},"version":2}},"categories":[2],"tags":[],"class_list":["post-144","post","type-post","status-publish","format-image","hentry","category-noticias","post_format-post-format-image"],"jetpack_publicize_connections":[],"jetpack_featured_media_url":"","jetpack_sharing_enabled":true,"jetpack_shortlink":"https:\/\/wp.me\/paSj5R-2k","_links":{"self":[{"href":"https:\/\/sintradeua.org\/co\/wp-json\/wp\/v2\/posts\/144","targetHints":{"allow":["GET"]}}],"collection":[{"href":"https:\/\/sintradeua.org\/co\/wp-json\/wp\/v2\/posts"}],"about":[{"href":"https:\/\/sintradeua.org\/co\/wp-json\/wp\/v2\/types\/post"}],"author":[{"embeddable":true,"href":"https:\/\/sintradeua.org\/co\/wp-json\/wp\/v2\/users\/2"}],"replies":[{"embeddable":true,"href":"https:\/\/sintradeua.org\/co\/wp-json\/wp\/v2\/comments?post=144"}],"version-history":[{"count":0,"href":"https:\/\/sintradeua.org\/co\/wp-json\/wp\/v2\/posts\/144\/revisions"}],"wp:attachment":[{"href":"https:\/\/sintradeua.org\/co\/wp-json\/wp\/v2\/media?parent=144"}],"wp:term":[{"taxonomy":"category","embeddable":true,"href":"https:\/\/sintradeua.org\/co\/wp-json\/wp\/v2\/categories?post=144"},{"taxonomy":"post_tag","embeddable":true,"href":"https:\/\/sintradeua.org\/co\/wp-json\/wp\/v2\/tags?post=144"}],"curies":[{"name":"wp","href":"https:\/\/api.w.org\/{rel}","templated":true}]}}