{"id":1327,"date":"2015-12-19T12:30:56","date_gmt":"2015-12-19T17:30:56","guid":{"rendered":"http:\/\/www.sintradeua.org\/home\/?p=1327"},"modified":"2015-12-23T14:44:18","modified_gmt":"2015-12-23T19:44:18","slug":"sintradeua-denuncia-a-jefe-encargada-de-oficina-juridica-de-la-uniatlantico-por-presunto-acoso-psicologico-y-persecucion-laboral","status":"publish","type":"post","link":"https:\/\/sintradeua.org\/co\/sintradeua-denuncia-a-jefe-encargada-de-oficina-juridica-de-la-uniatlantico-por-presunto-acoso-psicologico-y-persecucion-laboral\/","title":{"rendered":"SintradeUA Denuncia a Jefe encargada de Oficina Juridica de la Uniatlantico por presunto acoso psicol\u00f3gico y persecuci\u00f3n laboral"},"content":{"rendered":"<p style=\"text-align: justify;\"><img data-recalc-dims=\"1\" decoding=\"async\" src=\"https:\/\/i0.wp.com\/www.eluniversal.com.co\/sites\/default\/files\/201506\/universidad_del_atlantico.jpg?w=640\" alt=\"\" \/><\/p>\n<p style=\"text-align: justify;\">JAIME IVAN BORRERO SAMPER, en su calidad de Presidente del Sindicato de Trabajadores Administrativos y Acad\u00e9micos de la universidad del Atl\u00e1ntico, \u00abSINTRADEUA\u00bb presento ante la rectora de la Instituci\u00f3n educativa denuncia formal en contra de la se\u00f1ora FANNY BAYONA PALACIO, por presunto Acoso Psicol\u00f3gico y Acoso laboral en contra de VERONICA TATIANA VALVERDE GUZM\u00c1N, empleada de la Universidad del Atl\u00e1ntico y afiliada a esta organizaci\u00f3n sindical.<!--more--><\/p>\n<p style=\"text-align: justify;\">Al parecer la compa\u00f1era Veronica Valverde, desde hace mas de tres meses viene siendo perseguida por la funcionaria encargada de la Oficina de Asesor\u00eda jur\u00eddica de La universidad del Atl\u00e1ntico, seg\u00fan comunicaci\u00f3n enviada por nuestra afiliada.<\/p>\n<p style=\"text-align: justify;\">Exigimos a la rector\u00eda de la universidad del Atl\u00e1ntico investigue los hechos expuestos en nuestra denuncia, pues es inaceptable el maltrato a cualquier ser humano, mas aun si se trata de una mujer. No permitiremos ning\u00fan tipo de violencia contra nuestros afiliados.<\/p>\n<p style=\"text-align: justify;\">A continuaci\u00f3n daremos a conocer el oficio enviado a la Doctora Rafaela Vos Obeso y el Oficio enviado por la compa\u00f1era VER\u00d3NICA VALVERDE a nuestra Organizaci\u00f3n Sindical.<\/p>\n<p style=\"text-align: justify;\">\u00a0<\/p>\n<div data-carousel-extra='{&quot;blog_id&quot;:1,&quot;permalink&quot;:&quot;https:\/\/sintradeua.org\/co\/sintradeua-denuncia-a-jefe-encargada-de-oficina-juridica-de-la-uniatlantico-por-presunto-acoso-psicologico-y-persecucion-laboral\/&quot;}' id='gallery-1' class='gallery galleryid-1327 gallery-columns-4 gallery-size-thumbnail'><figure class='gallery-item'>\n\t\t\t<div class='gallery-icon portrait'>\n\t\t\t\t<a href='https:\/\/sintradeua.org\/co\/sintradeua-denuncia-a-jefe-encargada-de-oficina-juridica-de-la-uniatlantico-por-presunto-acoso-psicologico-y-persecucion-laboral\/acoso-1\/'><img loading=\"lazy\" decoding=\"async\" width=\"150\" height=\"150\" src=\"https:\/\/i0.wp.com\/sintradeua.org\/co\/wp-content\/uploads\/2015\/12\/ACOSO-1.jpg?resize=150%2C150&amp;ssl=1\" class=\"attachment-thumbnail size-thumbnail\" alt=\"\" srcset=\"https:\/\/i0.wp.com\/sintradeua.org\/co\/wp-content\/uploads\/2015\/12\/ACOSO-1.jpg?resize=150%2C150&amp;ssl=1 150w, https:\/\/i0.wp.com\/sintradeua.org\/co\/wp-content\/uploads\/2015\/12\/ACOSO-1.jpg?resize=60%2C60&amp;ssl=1 60w, https:\/\/i0.wp.com\/sintradeua.org\/co\/wp-content\/uploads\/2015\/12\/ACOSO-1.jpg?zoom=2&amp;resize=150%2C150&amp;ssl=1 300w, https:\/\/i0.wp.com\/sintradeua.org\/co\/wp-content\/uploads\/2015\/12\/ACOSO-1.jpg?zoom=3&amp;resize=150%2C150&amp;ssl=1 450w\" sizes=\"auto, (max-width: 150px) 100vw, 150px\" data-attachment-id=\"1328\" data-permalink=\"https:\/\/sintradeua.org\/co\/sintradeua-denuncia-a-jefe-encargada-de-oficina-juridica-de-la-uniatlantico-por-presunto-acoso-psicologico-y-persecucion-laboral\/acoso-1\/\" data-orig-file=\"https:\/\/i0.wp.com\/sintradeua.org\/co\/wp-content\/uploads\/2015\/12\/ACOSO-1.jpg?fit=1243%2C2048&amp;ssl=1\" data-orig-size=\"1243,2048\" data-comments-opened=\"1\" data-image-meta=\"{&quot;aperture&quot;:&quot;0&quot;,&quot;credit&quot;:&quot;&quot;,&quot;camera&quot;:&quot;&quot;,&quot;caption&quot;:&quot;&quot;,&quot;created_timestamp&quot;:&quot;0&quot;,&quot;copyright&quot;:&quot;&quot;,&quot;focal_length&quot;:&quot;0&quot;,&quot;iso&quot;:&quot;0&quot;,&quot;shutter_speed&quot;:&quot;0&quot;,&quot;title&quot;:&quot;&quot;,&quot;orientation&quot;:&quot;0&quot;}\" data-image-title=\"ACOSO 1\" data-image-description=\"\" data-image-caption=\"\" data-large-file=\"https:\/\/i0.wp.com\/sintradeua.org\/co\/wp-content\/uploads\/2015\/12\/ACOSO-1.jpg?fit=486%2C800&amp;ssl=1\" \/><\/a>\n\t\t\t<\/div><\/figure><figure class='gallery-item'>\n\t\t\t<div class='gallery-icon portrait'>\n\t\t\t\t<a href='https:\/\/sintradeua.org\/co\/sintradeua-denuncia-a-jefe-encargada-de-oficina-juridica-de-la-uniatlantico-por-presunto-acoso-psicologico-y-persecucion-laboral\/acoso-2\/'><img loading=\"lazy\" decoding=\"async\" width=\"150\" height=\"150\" src=\"https:\/\/i0.wp.com\/sintradeua.org\/co\/wp-content\/uploads\/2015\/12\/ACOSO-2.jpg?resize=150%2C150&amp;ssl=1\" class=\"attachment-thumbnail size-thumbnail\" alt=\"\" srcset=\"https:\/\/i0.wp.com\/sintradeua.org\/co\/wp-content\/uploads\/2015\/12\/ACOSO-2.jpg?resize=150%2C150&amp;ssl=1 150w, https:\/\/i0.wp.com\/sintradeua.org\/co\/wp-content\/uploads\/2015\/12\/ACOSO-2.jpg?resize=60%2C60&amp;ssl=1 60w, https:\/\/i0.wp.com\/sintradeua.org\/co\/wp-content\/uploads\/2015\/12\/ACOSO-2.jpg?zoom=2&amp;resize=150%2C150&amp;ssl=1 300w, https:\/\/i0.wp.com\/sintradeua.org\/co\/wp-content\/uploads\/2015\/12\/ACOSO-2.jpg?zoom=3&amp;resize=150%2C150&amp;ssl=1 450w\" sizes=\"auto, (max-width: 150px) 100vw, 150px\" data-attachment-id=\"1329\" data-permalink=\"https:\/\/sintradeua.org\/co\/sintradeua-denuncia-a-jefe-encargada-de-oficina-juridica-de-la-uniatlantico-por-presunto-acoso-psicologico-y-persecucion-laboral\/acoso-2\/\" data-orig-file=\"https:\/\/i0.wp.com\/sintradeua.org\/co\/wp-content\/uploads\/2015\/12\/ACOSO-2.jpg?fit=1243%2C2048&amp;ssl=1\" data-orig-size=\"1243,2048\" data-comments-opened=\"1\" data-image-meta=\"{&quot;aperture&quot;:&quot;0&quot;,&quot;credit&quot;:&quot;&quot;,&quot;camera&quot;:&quot;&quot;,&quot;caption&quot;:&quot;&quot;,&quot;created_timestamp&quot;:&quot;0&quot;,&quot;copyright&quot;:&quot;&quot;,&quot;focal_length&quot;:&quot;0&quot;,&quot;iso&quot;:&quot;0&quot;,&quot;shutter_speed&quot;:&quot;0&quot;,&quot;title&quot;:&quot;&quot;,&quot;orientation&quot;:&quot;0&quot;}\" data-image-title=\"ACOSO 2\" data-image-description=\"\" data-image-caption=\"\" data-large-file=\"https:\/\/i0.wp.com\/sintradeua.org\/co\/wp-content\/uploads\/2015\/12\/ACOSO-2.jpg?fit=486%2C800&amp;ssl=1\" \/><\/a>\n\t\t\t<\/div><\/figure><figure class='gallery-item'>\n\t\t\t<div class='gallery-icon portrait'>\n\t\t\t\t<a href='https:\/\/sintradeua.org\/co\/sintradeua-denuncia-a-jefe-encargada-de-oficina-juridica-de-la-uniatlantico-por-presunto-acoso-psicologico-y-persecucion-laboral\/acoso-3\/'><img loading=\"lazy\" decoding=\"async\" width=\"150\" height=\"150\" src=\"https:\/\/i0.wp.com\/sintradeua.org\/co\/wp-content\/uploads\/2015\/12\/ACOSO-3.jpg?resize=150%2C150&amp;ssl=1\" class=\"attachment-thumbnail size-thumbnail\" alt=\"\" srcset=\"https:\/\/i0.wp.com\/sintradeua.org\/co\/wp-content\/uploads\/2015\/12\/ACOSO-3.jpg?resize=150%2C150&amp;ssl=1 150w, https:\/\/i0.wp.com\/sintradeua.org\/co\/wp-content\/uploads\/2015\/12\/ACOSO-3.jpg?resize=60%2C60&amp;ssl=1 60w, https:\/\/i0.wp.com\/sintradeua.org\/co\/wp-content\/uploads\/2015\/12\/ACOSO-3.jpg?zoom=2&amp;resize=150%2C150&amp;ssl=1 300w, https:\/\/i0.wp.com\/sintradeua.org\/co\/wp-content\/uploads\/2015\/12\/ACOSO-3.jpg?zoom=3&amp;resize=150%2C150&amp;ssl=1 450w\" sizes=\"auto, (max-width: 150px) 100vw, 150px\" data-attachment-id=\"1330\" data-permalink=\"https:\/\/sintradeua.org\/co\/sintradeua-denuncia-a-jefe-encargada-de-oficina-juridica-de-la-uniatlantico-por-presunto-acoso-psicologico-y-persecucion-laboral\/acoso-3\/\" data-orig-file=\"https:\/\/i0.wp.com\/sintradeua.org\/co\/wp-content\/uploads\/2015\/12\/ACOSO-3.jpg?fit=1243%2C2048&amp;ssl=1\" data-orig-size=\"1243,2048\" data-comments-opened=\"1\" data-image-meta=\"{&quot;aperture&quot;:&quot;0&quot;,&quot;credit&quot;:&quot;&quot;,&quot;camera&quot;:&quot;&quot;,&quot;caption&quot;:&quot;&quot;,&quot;created_timestamp&quot;:&quot;0&quot;,&quot;copyright&quot;:&quot;&quot;,&quot;focal_length&quot;:&quot;0&quot;,&quot;iso&quot;:&quot;0&quot;,&quot;shutter_speed&quot;:&quot;0&quot;,&quot;title&quot;:&quot;&quot;,&quot;orientation&quot;:&quot;0&quot;}\" data-image-title=\"ACOSO 3\" data-image-description=\"\" data-image-caption=\"\" data-large-file=\"https:\/\/i0.wp.com\/sintradeua.org\/co\/wp-content\/uploads\/2015\/12\/ACOSO-3.jpg?fit=486%2C800&amp;ssl=1\" \/><\/a>\n\t\t\t<\/div><\/figure><figure class='gallery-item'>\n\t\t\t<div class='gallery-icon portrait'>\n\t\t\t\t<a href='https:\/\/sintradeua.org\/co\/sintradeua-denuncia-a-jefe-encargada-de-oficina-juridica-de-la-uniatlantico-por-presunto-acoso-psicologico-y-persecucion-laboral\/acoso-4\/'><img loading=\"lazy\" decoding=\"async\" width=\"150\" height=\"150\" src=\"https:\/\/i0.wp.com\/sintradeua.org\/co\/wp-content\/uploads\/2015\/12\/ACOSO-4.jpg?resize=150%2C150&amp;ssl=1\" class=\"attachment-thumbnail size-thumbnail\" alt=\"\" srcset=\"https:\/\/i0.wp.com\/sintradeua.org\/co\/wp-content\/uploads\/2015\/12\/ACOSO-4.jpg?resize=150%2C150&amp;ssl=1 150w, https:\/\/i0.wp.com\/sintradeua.org\/co\/wp-content\/uploads\/2015\/12\/ACOSO-4.jpg?resize=60%2C60&amp;ssl=1 60w, https:\/\/i0.wp.com\/sintradeua.org\/co\/wp-content\/uploads\/2015\/12\/ACOSO-4.jpg?zoom=2&amp;resize=150%2C150&amp;ssl=1 300w, https:\/\/i0.wp.com\/sintradeua.org\/co\/wp-content\/uploads\/2015\/12\/ACOSO-4.jpg?zoom=3&amp;resize=150%2C150&amp;ssl=1 450w\" sizes=\"auto, (max-width: 150px) 100vw, 150px\" data-attachment-id=\"1331\" data-permalink=\"https:\/\/sintradeua.org\/co\/sintradeua-denuncia-a-jefe-encargada-de-oficina-juridica-de-la-uniatlantico-por-presunto-acoso-psicologico-y-persecucion-laboral\/acoso-4\/\" data-orig-file=\"https:\/\/i0.wp.com\/sintradeua.org\/co\/wp-content\/uploads\/2015\/12\/ACOSO-4.jpg?fit=1243%2C2048&amp;ssl=1\" data-orig-size=\"1243,2048\" data-comments-opened=\"1\" data-image-meta=\"{&quot;aperture&quot;:&quot;0&quot;,&quot;credit&quot;:&quot;&quot;,&quot;camera&quot;:&quot;&quot;,&quot;caption&quot;:&quot;&quot;,&quot;created_timestamp&quot;:&quot;0&quot;,&quot;copyright&quot;:&quot;&quot;,&quot;focal_length&quot;:&quot;0&quot;,&quot;iso&quot;:&quot;0&quot;,&quot;shutter_speed&quot;:&quot;0&quot;,&quot;title&quot;:&quot;&quot;,&quot;orientation&quot;:&quot;0&quot;}\" data-image-title=\"ACOSO 4\" data-image-description=\"\" data-image-caption=\"\" data-large-file=\"https:\/\/i0.wp.com\/sintradeua.org\/co\/wp-content\/uploads\/2015\/12\/ACOSO-4.jpg?fit=486%2C800&amp;ssl=1\" \/><\/a>\n\t\t\t<\/div><\/figure>\n\t\t<\/div>\n\n<p style=\"text-align: justify;\">COMUNICACI\u00d3N ENVIADA A SINTRADEUA POR VER\u00d3NICA VALVERDE INFORMANDO SOBRE LA SITUACI\u00d3N DE ACOSO PSICOL\u00d3GICO Y PERSECUCI\u00d3N LABORAL<\/p>\n<div data-carousel-extra='{&quot;blog_id&quot;:1,&quot;permalink&quot;:&quot;https:\/\/sintradeua.org\/co\/sintradeua-denuncia-a-jefe-encargada-de-oficina-juridica-de-la-uniatlantico-por-presunto-acoso-psicologico-y-persecucion-laboral\/&quot;}' id='gallery-2' class='gallery galleryid-1327 gallery-columns-3 gallery-size-thumbnail'><figure class='gallery-item'>\n\t\t\t<div class='gallery-icon portrait'>\n\t\t\t\t<a href=\"https:\/\/i0.wp.com\/sintradeua.org\/co\/wp-content\/uploads\/2015\/12\/VERO01.jpg?ssl=1\"><img loading=\"lazy\" decoding=\"async\" width=\"150\" height=\"150\" src=\"https:\/\/i0.wp.com\/sintradeua.org\/co\/wp-content\/uploads\/2015\/12\/VERO01.jpg?resize=150%2C150&amp;ssl=1\" class=\"attachment-thumbnail size-thumbnail\" alt=\"\" srcset=\"https:\/\/i0.wp.com\/sintradeua.org\/co\/wp-content\/uploads\/2015\/12\/VERO01.jpg?resize=150%2C150&amp;ssl=1 150w, https:\/\/i0.wp.com\/sintradeua.org\/co\/wp-content\/uploads\/2015\/12\/VERO01.jpg?resize=60%2C60&amp;ssl=1 60w, https:\/\/i0.wp.com\/sintradeua.org\/co\/wp-content\/uploads\/2015\/12\/VERO01.jpg?zoom=2&amp;resize=150%2C150&amp;ssl=1 300w, https:\/\/i0.wp.com\/sintradeua.org\/co\/wp-content\/uploads\/2015\/12\/VERO01.jpg?zoom=3&amp;resize=150%2C150&amp;ssl=1 450w\" sizes=\"auto, (max-width: 150px) 100vw, 150px\" data-attachment-id=\"1349\" data-permalink=\"https:\/\/sintradeua.org\/co\/sintradeua-reitera-denuncia-en-contra-jefe-encargada-oficina-asesoria-juridica-la-universidad-del-atlantico-exige-pronunciamiento-la-rectora-al-respecto\/vero01\/\" data-orig-file=\"https:\/\/i0.wp.com\/sintradeua.org\/co\/wp-content\/uploads\/2015\/12\/VERO01.jpg?fit=1583%2C2048&amp;ssl=1\" data-orig-size=\"1583,2048\" data-comments-opened=\"1\" data-image-meta=\"{&quot;aperture&quot;:&quot;0&quot;,&quot;credit&quot;:&quot;&quot;,&quot;camera&quot;:&quot;&quot;,&quot;caption&quot;:&quot;&quot;,&quot;created_timestamp&quot;:&quot;0&quot;,&quot;copyright&quot;:&quot;&quot;,&quot;focal_length&quot;:&quot;0&quot;,&quot;iso&quot;:&quot;0&quot;,&quot;shutter_speed&quot;:&quot;0&quot;,&quot;title&quot;:&quot;&quot;,&quot;orientation&quot;:&quot;0&quot;}\" data-image-title=\"VERO01\" data-image-description=\"\" data-image-caption=\"\" data-large-file=\"https:\/\/i0.wp.com\/sintradeua.org\/co\/wp-content\/uploads\/2015\/12\/VERO01.jpg?fit=618%2C800&amp;ssl=1\" \/><\/a>\n\t\t\t<\/div><\/figure><figure class='gallery-item'>\n\t\t\t<div class='gallery-icon portrait'>\n\t\t\t\t<a href=\"https:\/\/i0.wp.com\/sintradeua.org\/co\/wp-content\/uploads\/2015\/12\/VERO02.jpg?ssl=1\"><img loading=\"lazy\" decoding=\"async\" width=\"150\" height=\"150\" src=\"https:\/\/i0.wp.com\/sintradeua.org\/co\/wp-content\/uploads\/2015\/12\/VERO02.jpg?resize=150%2C150&amp;ssl=1\" class=\"attachment-thumbnail size-thumbnail\" alt=\"\" srcset=\"https:\/\/i0.wp.com\/sintradeua.org\/co\/wp-content\/uploads\/2015\/12\/VERO02.jpg?resize=150%2C150&amp;ssl=1 150w, https:\/\/i0.wp.com\/sintradeua.org\/co\/wp-content\/uploads\/2015\/12\/VERO02.jpg?resize=60%2C60&amp;ssl=1 60w, https:\/\/i0.wp.com\/sintradeua.org\/co\/wp-content\/uploads\/2015\/12\/VERO02.jpg?zoom=2&amp;resize=150%2C150&amp;ssl=1 300w, https:\/\/i0.wp.com\/sintradeua.org\/co\/wp-content\/uploads\/2015\/12\/VERO02.jpg?zoom=3&amp;resize=150%2C150&amp;ssl=1 450w\" sizes=\"auto, (max-width: 150px) 100vw, 150px\" data-attachment-id=\"1350\" data-permalink=\"https:\/\/sintradeua.org\/co\/sintradeua-reitera-denuncia-en-contra-jefe-encargada-oficina-asesoria-juridica-la-universidad-del-atlantico-exige-pronunciamiento-la-rectora-al-respecto\/vero02\/\" data-orig-file=\"https:\/\/i0.wp.com\/sintradeua.org\/co\/wp-content\/uploads\/2015\/12\/VERO02.jpg?fit=1583%2C2048&amp;ssl=1\" data-orig-size=\"1583,2048\" data-comments-opened=\"1\" data-image-meta=\"{&quot;aperture&quot;:&quot;0&quot;,&quot;credit&quot;:&quot;&quot;,&quot;camera&quot;:&quot;&quot;,&quot;caption&quot;:&quot;&quot;,&quot;created_timestamp&quot;:&quot;0&quot;,&quot;copyright&quot;:&quot;&quot;,&quot;focal_length&quot;:&quot;0&quot;,&quot;iso&quot;:&quot;0&quot;,&quot;shutter_speed&quot;:&quot;0&quot;,&quot;title&quot;:&quot;&quot;,&quot;orientation&quot;:&quot;0&quot;}\" data-image-title=\"VERO02\" data-image-description=\"\" data-image-caption=\"\" data-large-file=\"https:\/\/i0.wp.com\/sintradeua.org\/co\/wp-content\/uploads\/2015\/12\/VERO02.jpg?fit=618%2C800&amp;ssl=1\" \/><\/a>\n\t\t\t<\/div><\/figure><figure class='gallery-item'>\n\t\t\t<div class='gallery-icon portrait'>\n\t\t\t\t<a href=\"https:\/\/i0.wp.com\/sintradeua.org\/co\/wp-content\/uploads\/2015\/12\/VERO03.jpg?ssl=1\"><img loading=\"lazy\" decoding=\"async\" width=\"150\" height=\"150\" src=\"https:\/\/i0.wp.com\/sintradeua.org\/co\/wp-content\/uploads\/2015\/12\/VERO03.jpg?resize=150%2C150&amp;ssl=1\" class=\"attachment-thumbnail size-thumbnail\" alt=\"\" srcset=\"https:\/\/i0.wp.com\/sintradeua.org\/co\/wp-content\/uploads\/2015\/12\/VERO03.jpg?resize=150%2C150&amp;ssl=1 150w, https:\/\/i0.wp.com\/sintradeua.org\/co\/wp-content\/uploads\/2015\/12\/VERO03.jpg?resize=60%2C60&amp;ssl=1 60w, https:\/\/i0.wp.com\/sintradeua.org\/co\/wp-content\/uploads\/2015\/12\/VERO03.jpg?zoom=2&amp;resize=150%2C150&amp;ssl=1 300w, https:\/\/i0.wp.com\/sintradeua.org\/co\/wp-content\/uploads\/2015\/12\/VERO03.jpg?zoom=3&amp;resize=150%2C150&amp;ssl=1 450w\" sizes=\"auto, (max-width: 150px) 100vw, 150px\" data-attachment-id=\"1351\" data-permalink=\"https:\/\/sintradeua.org\/co\/sintradeua-reitera-denuncia-en-contra-jefe-encargada-oficina-asesoria-juridica-la-universidad-del-atlantico-exige-pronunciamiento-la-rectora-al-respecto\/vero03\/\" data-orig-file=\"https:\/\/i0.wp.com\/sintradeua.org\/co\/wp-content\/uploads\/2015\/12\/VERO03.jpg?fit=1583%2C2048&amp;ssl=1\" data-orig-size=\"1583,2048\" data-comments-opened=\"1\" data-image-meta=\"{&quot;aperture&quot;:&quot;0&quot;,&quot;credit&quot;:&quot;&quot;,&quot;camera&quot;:&quot;&quot;,&quot;caption&quot;:&quot;&quot;,&quot;created_timestamp&quot;:&quot;0&quot;,&quot;copyright&quot;:&quot;&quot;,&quot;focal_length&quot;:&quot;0&quot;,&quot;iso&quot;:&quot;0&quot;,&quot;shutter_speed&quot;:&quot;0&quot;,&quot;title&quot;:&quot;&quot;,&quot;orientation&quot;:&quot;0&quot;}\" data-image-title=\"VERO03\" data-image-description=\"\" data-image-caption=\"\" data-large-file=\"https:\/\/i0.wp.com\/sintradeua.org\/co\/wp-content\/uploads\/2015\/12\/VERO03.jpg?fit=618%2C800&amp;ssl=1\" \/><\/a>\n\t\t\t<\/div><\/figure>\n\t\t<\/div>\n\n<p>&lt;<\/p>\n<p>p style=\u00bbtext-align: justify;\u00bb>\u00a0<\/p>\n","protected":false},"excerpt":{"rendered":"<p>JAIME IVAN BORRERO SAMPER, en su calidad de Presidente del Sindicato de Trabajadores Administrativos y Acad\u00e9micos de la universidad del Atl\u00e1ntico, \u00abSINTRADEUA\u00bb presento ante la rectora de la Instituci\u00f3n educativa denuncia formal en contra de la se\u00f1ora FANNY BAYONA PALACIO, por presunto Acoso Psicol\u00f3gico y Acoso laboral en contra de VERONICA TATIANA VALVERDE GUZM\u00c1N, empleada&#8230;<\/p>\n","protected":false},"author":2,"featured_media":0,"comment_status":"open","ping_status":"open","sticky":false,"template":"","format":"standard","meta":{"advanced_seo_description":"","jetpack_seo_html_title":"","jetpack_seo_noindex":false,"jetpack_post_was_ever_published":false,"_jetpack_newsletter_access":"","_jetpack_dont_email_post_to_subs":false,"_jetpack_newsletter_tier_id":0,"_jetpack_memberships_contains_paywalled_content":false,"_jetpack_memberships_contains_paid_content":false,"footnotes":"","jetpack_publicize_message":"","jetpack_publicize_feature_enabled":true,"jetpack_social_post_already_shared":true,"jetpack_social_options":{"image_generator_settings":{"template":"highway","default_image_id":0,"font":"","enabled":false},"version":2}},"categories":[2],"tags":[],"class_list":["post-1327","post","type-post","status-publish","format-standard","hentry","category-noticias"],"jetpack_publicize_connections":[],"jetpack_featured_media_url":"","jetpack_sharing_enabled":true,"jetpack_shortlink":"https:\/\/wp.me\/paSj5R-lp","_links":{"self":[{"href":"https:\/\/sintradeua.org\/co\/wp-json\/wp\/v2\/posts\/1327","targetHints":{"allow":["GET"]}}],"collection":[{"href":"https:\/\/sintradeua.org\/co\/wp-json\/wp\/v2\/posts"}],"about":[{"href":"https:\/\/sintradeua.org\/co\/wp-json\/wp\/v2\/types\/post"}],"author":[{"embeddable":true,"href":"https:\/\/sintradeua.org\/co\/wp-json\/wp\/v2\/users\/2"}],"replies":[{"embeddable":true,"href":"https:\/\/sintradeua.org\/co\/wp-json\/wp\/v2\/comments?post=1327"}],"version-history":[{"count":0,"href":"https:\/\/sintradeua.org\/co\/wp-json\/wp\/v2\/posts\/1327\/revisions"}],"wp:attachment":[{"href":"https:\/\/sintradeua.org\/co\/wp-json\/wp\/v2\/media?parent=1327"}],"wp:term":[{"taxonomy":"category","embeddable":true,"href":"https:\/\/sintradeua.org\/co\/wp-json\/wp\/v2\/categories?post=1327"},{"taxonomy":"post_tag","embeddable":true,"href":"https:\/\/sintradeua.org\/co\/wp-json\/wp\/v2\/tags?post=1327"}],"curies":[{"name":"wp","href":"https:\/\/api.w.org\/{rel}","templated":true}]}}