{"id":1318,"date":"2015-12-19T11:12:04","date_gmt":"2015-12-19T16:12:04","guid":{"rendered":"http:\/\/www.sintradeua.org\/home\/?p=1318"},"modified":"2016-01-06T16:05:55","modified_gmt":"2016-01-06T21:05:55","slug":"1318","status":"publish","type":"post","link":"https:\/\/sintradeua.org\/co\/1318\/","title":{"rendered":"Hablando de amor en la primavera"},"content":{"rendered":"<p>\u00a0<img data-recalc-dims=\"1\" loading=\"lazy\" decoding=\"async\" data-attachment-id=\"1254\" data-permalink=\"https:\/\/sintradeua.org\/co\/1253\/attachment\/573015530106\/\" data-orig-file=\"https:\/\/i0.wp.com\/sintradeua.org\/co\/wp-content\/uploads\/2015\/12\/573015530106.jpg?fit=226%2C226&amp;ssl=1\" data-orig-size=\"226,226\" data-comments-opened=\"1\" data-image-meta=\"{&quot;aperture&quot;:&quot;0&quot;,&quot;credit&quot;:&quot;&quot;,&quot;camera&quot;:&quot;&quot;,&quot;caption&quot;:&quot;&quot;,&quot;created_timestamp&quot;:&quot;0&quot;,&quot;copyright&quot;:&quot;&quot;,&quot;focal_length&quot;:&quot;0&quot;,&quot;iso&quot;:&quot;0&quot;,&quot;shutter_speed&quot;:&quot;0&quot;,&quot;title&quot;:&quot;&quot;,&quot;orientation&quot;:&quot;0&quot;}\" data-image-title=\"573015530106\" data-image-description=\"\" data-image-caption=\"\" data-large-file=\"https:\/\/i0.wp.com\/sintradeua.org\/co\/wp-content\/uploads\/2015\/12\/573015530106.jpg?fit=226%2C226&amp;ssl=1\" class=\"alignnone size-full wp-image-1254\" src=\"https:\/\/i0.wp.com\/www.sintradeua.org\/co\/wp-content\/uploads\/2015\/12\/573015530106.jpg?resize=226%2C226\" alt=\"573015530106\" width=\"226\" height=\"226\" srcset=\"https:\/\/i0.wp.com\/sintradeua.org\/co\/wp-content\/uploads\/2015\/12\/573015530106.jpg?w=226&amp;ssl=1 226w, https:\/\/i0.wp.com\/sintradeua.org\/co\/wp-content\/uploads\/2015\/12\/573015530106.jpg?resize=150%2C150&amp;ssl=1 150w, https:\/\/i0.wp.com\/sintradeua.org\/co\/wp-content\/uploads\/2015\/12\/573015530106.jpg?resize=60%2C60&amp;ssl=1 60w\" sizes=\"auto, (max-width: 226px) 100vw, 226px\" \/><\/p>\n<p>Por Gaspar Hern\u00e1ndez Caama\u00f1o<\/p>\n<p>Estuve el lunes en Medell\u00edn, fui a ver y a escuchar a la fil\u00f3sofa norteamericana Martha Nussbaum, invitada por la Universidad y la Gobernaci\u00f3n de Antioquia a dar una serie de conferencias, sobre las emociones pol\u00edticas en la construcci\u00f3n de una ciudadan\u00eda amorosa en un mundo de horror.<!--more--><\/p>\n<p>Asist\u00ed en el Teatro Pablo Tob\u00f3n Uribe al conversatorio, \u201cPor qu\u00e9 el amor es importante para la justicia? Emociones pol\u00edticas en un pa\u00eds en un proceso de paz?\u201d, entre la invitada con el gobernador Sergio Fajardo, bajo la conducci\u00f3n del profesor\u00a0 Pablo Pati\u00f1o. El aforo fue total y durante m\u00e1s casi dos horas escuche que es necesario mejor hablar de amor, que de la ira y el miedo. Informe que Colombia es el \u00fanico pa\u00eds del mundo occidental donde se consagr\u00f3 al Amor como un derecho constitucional y un deber legal a favor de los ni\u00f1os.<\/p>\n<p>La filosofa me escuch\u00f3 atenta y sonriente. Y el gobernador respondi\u00f3 una inquietud despertada al o\u00edrme decir que solo educando en el amor podemos superar el horror. Y una jovencita pregunt\u00f3 si es v\u00e1lido ense\u00f1ar Amor y la invita contesto que SI. Que hay que aprender amar desde la infancia para tener una vida buena y feliz.<\/p>\n<p>No perd\u00ed el viaje a las monta\u00f1as dije, pues hab\u00eda informado que ven\u00eda de Barranquilla, pues ratifique, una vez m\u00e1s, que no estoy<br \/> equivocado cuando sue\u00f1o en desarrollar una C\u00e1tedra del Amor y propongo cada s\u00e1bado una idea o noticia para mejor hablar de amor. Y me obsequiaron el libro, editado por la Universidad de Antioquia, \u00abLA ECONOM\u00cdA AUN NECESITA DE LA FILOSOF\u00cdA\u00bb, de la profesora de la Universidad de Chicago. Sigo convencido despu\u00e9s de regresar de la primavera que el amor nos sacara del horror.<\/p>\n<p>&nbsp;<\/p>\n<p>&nbsp;<\/p>\n<p>&nbsp;<\/p>\n","protected":false},"excerpt":{"rendered":"<p>\u00a0 Por Gaspar Hern\u00e1ndez Caama\u00f1o Estuve el lunes en Medell\u00edn, fui a ver y a escuchar a la fil\u00f3sofa norteamericana Martha Nussbaum, invitada por la Universidad y la Gobernaci\u00f3n de Antioquia a dar una serie de conferencias, sobre las emociones pol\u00edticas en la construcci\u00f3n de una ciudadan\u00eda amorosa en un mundo de horror.<\/p>\n","protected":false},"author":2,"featured_media":1254,"comment_status":"open","ping_status":"open","sticky":false,"template":"","format":"standard","meta":{"advanced_seo_description":"","jetpack_seo_html_title":"","jetpack_seo_noindex":false,"jetpack_post_was_ever_published":false,"_jetpack_newsletter_access":"","_jetpack_dont_email_post_to_subs":false,"_jetpack_newsletter_tier_id":0,"_jetpack_memberships_contains_paywalled_content":false,"_jetpack_memberships_contains_paid_content":false,"footnotes":"","jetpack_publicize_message":"","jetpack_publicize_feature_enabled":true,"jetpack_social_post_already_shared":true,"jetpack_social_options":{"image_generator_settings":{"template":"highway","default_image_id":0,"font":"","enabled":false},"version":2}},"categories":[20],"tags":[],"class_list":["post-1318","post","type-post","status-publish","format-standard","has-post-thumbnail","hentry","category-general"],"jetpack_publicize_connections":[],"jetpack_featured_media_url":"https:\/\/i0.wp.com\/sintradeua.org\/co\/wp-content\/uploads\/2015\/12\/573015530106.jpg?fit=226%2C226&ssl=1","jetpack_sharing_enabled":true,"jetpack_shortlink":"https:\/\/wp.me\/saSj5R-1318","_links":{"self":[{"href":"https:\/\/sintradeua.org\/co\/wp-json\/wp\/v2\/posts\/1318","targetHints":{"allow":["GET"]}}],"collection":[{"href":"https:\/\/sintradeua.org\/co\/wp-json\/wp\/v2\/posts"}],"about":[{"href":"https:\/\/sintradeua.org\/co\/wp-json\/wp\/v2\/types\/post"}],"author":[{"embeddable":true,"href":"https:\/\/sintradeua.org\/co\/wp-json\/wp\/v2\/users\/2"}],"replies":[{"embeddable":true,"href":"https:\/\/sintradeua.org\/co\/wp-json\/wp\/v2\/comments?post=1318"}],"version-history":[{"count":0,"href":"https:\/\/sintradeua.org\/co\/wp-json\/wp\/v2\/posts\/1318\/revisions"}],"wp:featuredmedia":[{"embeddable":true,"href":"https:\/\/sintradeua.org\/co\/wp-json\/wp\/v2\/media\/1254"}],"wp:attachment":[{"href":"https:\/\/sintradeua.org\/co\/wp-json\/wp\/v2\/media?parent=1318"}],"wp:term":[{"taxonomy":"category","embeddable":true,"href":"https:\/\/sintradeua.org\/co\/wp-json\/wp\/v2\/categories?post=1318"},{"taxonomy":"post_tag","embeddable":true,"href":"https:\/\/sintradeua.org\/co\/wp-json\/wp\/v2\/tags?post=1318"}],"curies":[{"name":"wp","href":"https:\/\/api.w.org\/{rel}","templated":true}]}}