{"id":1088,"date":"2015-11-08T18:33:26","date_gmt":"2015-11-08T23:33:26","guid":{"rendered":"http:\/\/www.sintradeua.org\/home\/?p=1088"},"modified":"2015-11-08T19:08:06","modified_gmt":"2015-11-09T00:08:06","slug":"estabilidad-laboral-reforzada-protege-derecho-al-trabajo","status":"publish","type":"post","link":"https:\/\/sintradeua.org\/co\/estabilidad-laboral-reforzada-protege-derecho-al-trabajo\/","title":{"rendered":"Estabilidad laboral reforzada, protege derecho al trabajo"},"content":{"rendered":"<p style=\"text-align: justify;\"><img data-recalc-dims=\"1\" decoding=\"async\" src=\"https:\/\/i0.wp.com\/www.mintrabajo.gov.co\/images\/articulos\/2015\/Noviembre\/06\/Noviembre_06_2015_G.jpg?w=640\" alt=\"Noviembre 06 2015 G\" \/><\/p>\n<p style=\"text-align: justify;\">El pronunciamiento fue hecho, luego que la Direcci\u00f3n Territorial de Bol\u00edvar, mediante investigaciones estableci\u00f3 la violaci\u00f3n a los derechos fundamentales consagrados en la Constituci\u00f3n y la Ley 361 de 1997, por parte de la empresa cartagenera Atiempo S.A.S., que despidi\u00f3 en abril pasado a un operario que se encontraba con una estabilidad laboral reforzada.<!--more--><\/p>\n<p style=\"text-align: justify;\">El empleado retirado de la compa\u00f1\u00eda contaba con una patolog\u00eda del t\u00fanel carpiano bilateral, enfermedad de origen laboral al momento de su despido. La empresa no reubic\u00f3 al trabajador, aduciendo falta de puesto a pesar de conocer las restricciones a las cuales se encontraba sometido.<\/p>\n<p style=\"text-align: justify;\">Atiempo S.A.S, es una compa\u00f1\u00eda que le presta servicios especializados a Seatech Internacional, empresa atunera de la ciudad amurallada. La multa supera los 106 millones de pesos, equivalentes a 165 salarios m\u00ednimos, seg\u00fan Resoluci\u00f3n 481 de 2015.<\/p>\n<p style=\"text-align: justify;\">Esta empresa ya hab\u00eda sido sancionada por las mismas causas, por intermediaci\u00f3n laboral e incumplimiento de normas de salud.<\/p>\n","protected":false},"excerpt":{"rendered":"<p>El pronunciamiento fue hecho, luego que la Direcci\u00f3n Territorial de Bol\u00edvar, mediante investigaciones estableci\u00f3 la violaci\u00f3n a los derechos fundamentales consagrados en la Constituci\u00f3n y la Ley 361 de 1997, por parte de la empresa cartagenera Atiempo S.A.S., que despidi\u00f3 en abril pasado a un operario que se encontraba con una estabilidad laboral reforzada.<\/p>\n","protected":false},"author":2,"featured_media":0,"comment_status":"open","ping_status":"open","sticky":false,"template":"","format":"standard","meta":{"advanced_seo_description":"","jetpack_seo_html_title":"","jetpack_seo_noindex":false,"jetpack_post_was_ever_published":false,"_jetpack_newsletter_access":"","_jetpack_dont_email_post_to_subs":false,"_jetpack_newsletter_tier_id":0,"_jetpack_memberships_contains_paywalled_content":false,"_jetpack_memberships_contains_paid_content":false,"footnotes":"","jetpack_publicize_message":"","jetpack_publicize_feature_enabled":true,"jetpack_social_post_already_shared":true,"jetpack_social_options":{"image_generator_settings":{"template":"highway","default_image_id":0,"font":"","enabled":false},"version":2}},"categories":[2],"tags":[],"class_list":["post-1088","post","type-post","status-publish","format-standard","hentry","category-noticias"],"jetpack_publicize_connections":[],"jetpack_featured_media_url":"","jetpack_sharing_enabled":true,"jetpack_shortlink":"https:\/\/wp.me\/paSj5R-hy","_links":{"self":[{"href":"https:\/\/sintradeua.org\/co\/wp-json\/wp\/v2\/posts\/1088","targetHints":{"allow":["GET"]}}],"collection":[{"href":"https:\/\/sintradeua.org\/co\/wp-json\/wp\/v2\/posts"}],"about":[{"href":"https:\/\/sintradeua.org\/co\/wp-json\/wp\/v2\/types\/post"}],"author":[{"embeddable":true,"href":"https:\/\/sintradeua.org\/co\/wp-json\/wp\/v2\/users\/2"}],"replies":[{"embeddable":true,"href":"https:\/\/sintradeua.org\/co\/wp-json\/wp\/v2\/comments?post=1088"}],"version-history":[{"count":0,"href":"https:\/\/sintradeua.org\/co\/wp-json\/wp\/v2\/posts\/1088\/revisions"}],"wp:attachment":[{"href":"https:\/\/sintradeua.org\/co\/wp-json\/wp\/v2\/media?parent=1088"}],"wp:term":[{"taxonomy":"category","embeddable":true,"href":"https:\/\/sintradeua.org\/co\/wp-json\/wp\/v2\/categories?post=1088"},{"taxonomy":"post_tag","embeddable":true,"href":"https:\/\/sintradeua.org\/co\/wp-json\/wp\/v2\/tags?post=1088"}],"curies":[{"name":"wp","href":"https:\/\/api.w.org\/{rel}","templated":true}]}}